{"id":12359,"date":"2025-01-10T05:55:04","date_gmt":"2025-01-10T05:55:04","guid":{"rendered":"https:\/\/livingmultimediosde.net.ar\/INDEX\/?p=12359"},"modified":"2025-01-10T05:55:07","modified_gmt":"2025-01-10T05:55:07","slug":"una-ex-funcionaria-de-mauricio-macri-rechazo-el-acuerdo-pro-lla-no-cuenten-conmigo-para-ese-enchastre","status":"publish","type":"post","link":"https:\/\/livingmultimediosde.net.ar\/INDEX\/2025\/01\/una-ex-funcionaria-de-mauricio-macri-rechazo-el-acuerdo-pro-lla-no-cuenten-conmigo-para-ese-enchastre\/","title":{"rendered":"Una ex funcionaria de Mauricio Macri rechaz\u00f3 el acuerdo PRO-LLA: \u00abNo cuenten conmigo para ese enchastre\u00bb"},"content":{"rendered":"\n<p class=\"wp-block-paragraph\">La ex vicepresidenta de la Unidad de Informaci\u00f3n Financiera (UIF) durante el gobierno de Cambiemos, Mar\u00eda Eugenia Talerico, afirm\u00f3 hoy que el acuerdo que promueve el ex presidente Mauricio Macri con La Libertad Avanza (LLA) para las elecciones legislativas es un \u00abenchastre\u00bb.<\/p>\n\n\n\n<p class=\"wp-block-paragraph\">\u00abLa arenga de Milei es una trampa\u00bb, advirti\u00f3 Talerico en un posteo de sus redes sociales.<\/p>\n\n\n\n<p class=\"wp-block-paragraph\">Una ex funcionaria de Mauricio Macri rechaz\u00f3 el acuerdo PRO-LLA: \u00abNo cuenten conmigo para ese enchastre\u00bb<br>La ex candidata a senadora sostuvo que la transformaci\u00f3n \u00abprofunda y duradera\u00bb de Argentina \u00abno puede venir de la mano de pol\u00edticos que se reciclen\u00bb y bajo la \u00abcobarde premisa\u00bb de \u00abtabula rasa\u00bb, como hab\u00eda planteado en alguna oportunidad el propio presidente Javier Milei, que tambi\u00e9n alienta ese acuerdo.<\/p>\n\n\n\n<p class=\"wp-block-paragraph\">\u00abEs decir, negociando gobernabilidad por impunidad\u00bb, se\u00f1al\u00f3 Talerico.<\/p>\n\n\n\n<p class=\"wp-block-paragraph\">Talerico se expres\u00f3 as\u00ed en respuesta a una publicaci\u00f3n de Macri afirmara en sus redes sociales en la que afirm\u00f3 que el PRO est\u00e1 dispuesto a \u00abconformar un equipo de trabajo\u00bb junto a LLA.<\/p>\n\n\n\n<p class=\"wp-block-paragraph\">Milei hab\u00eda reafirmado este mi\u00e9rcoles su deseo de llegar a un acuerdo entre LLA y el PRO para ir juntos a los comicios de medio t\u00e9rmino de este a\u00f1o y \u00abarrasar\u00bb al kirchnerismo.<\/p>\n","protected":false},"excerpt":{"rendered":"<p>La ex vicepresidenta de la Unidad de Informaci\u00f3n Financiera (UIF) durante el gobierno de Cambiemos, Mar\u00eda Eugenia Talerico, afirm\u00f3 hoy que el acuerdo que promueve el ex presidente Mauricio Macri con La Libertad Avanza (LLA) para las elecciones legislativas es un \u00abenchastre\u00bb. \u00abLa arenga de Milei es una trampa\u00bb, advirti\u00f3 Talerico en un posteo de sus redes sociales. Una ex funcionaria de Mauricio Macri rechaz\u00f3 el acuerdo PRO-LLA: \u00abNo cuenten conmigo para ese enchastre\u00bbLa ex candidata a senadora sostuvo que la transformaci\u00f3n \u00abprofunda y duradera\u00bb de Argentina \u00abno puede venir&hellip;<\/p>\n","protected":false},"author":1,"featured_media":0,"comment_status":"closed","ping_status":"closed","sticky":false,"template":"","format":"standard","meta":{"footnotes":""},"categories":[4],"tags":[],"class_list":["post-12359","post","type-post","status-publish","format-standard","hentry","category-interes-general"],"rttpg_featured_image_url":null,"rttpg_author":{"display_name":"rober","author_link":"https:\/\/livingmultimediosde.net.ar\/INDEX\/author\/rober\/"},"rttpg_comment":0,"rttpg_category":"<a href=\"https:\/\/livingmultimediosde.net.ar\/INDEX\/category\/interes-general\/\" rel=\"category tag\">INTERES GENERAL<\/a>","rttpg_excerpt":"La ex vicepresidenta de la Unidad de Informaci\u00f3n Financiera (UIF) durante el gobierno de Cambiemos, Mar\u00eda Eugenia Talerico, afirm\u00f3 hoy que el acuerdo que promueve el ex presidente Mauricio Macri con La Libertad Avanza (LLA) para las elecciones legislativas es un \u00abenchastre\u00bb. \u00abLa arenga de Milei es una trampa\u00bb, advirti\u00f3 Talerico en un posteo de&hellip;","_links":{"self":[{"href":"https:\/\/livingmultimediosde.net.ar\/INDEX\/wp-json\/wp\/v2\/posts\/12359","targetHints":{"allow":["GET"]}}],"collection":[{"href":"https:\/\/livingmultimediosde.net.ar\/INDEX\/wp-json\/wp\/v2\/posts"}],"about":[{"href":"https:\/\/livingmultimediosde.net.ar\/INDEX\/wp-json\/wp\/v2\/types\/post"}],"author":[{"embeddable":true,"href":"https:\/\/livingmultimediosde.net.ar\/INDEX\/wp-json\/wp\/v2\/users\/1"}],"replies":[{"embeddable":true,"href":"https:\/\/livingmultimediosde.net.ar\/INDEX\/wp-json\/wp\/v2\/comments?post=12359"}],"version-history":[{"count":1,"href":"https:\/\/livingmultimediosde.net.ar\/INDEX\/wp-json\/wp\/v2\/posts\/12359\/revisions"}],"predecessor-version":[{"id":12361,"href":"https:\/\/livingmultimediosde.net.ar\/INDEX\/wp-json\/wp\/v2\/posts\/12359\/revisions\/12361"}],"wp:attachment":[{"href":"https:\/\/livingmultimediosde.net.ar\/INDEX\/wp-json\/wp\/v2\/media?parent=12359"}],"wp:term":[{"taxonomy":"category","embeddable":true,"href":"https:\/\/livingmultimediosde.net.ar\/INDEX\/wp-json\/wp\/v2\/categories?post=12359"},{"taxonomy":"post_tag","embeddable":true,"href":"https:\/\/livingmultimediosde.net.ar\/INDEX\/wp-json\/wp\/v2\/tags?post=12359"}],"curies":[{"name":"wp","href":"https:\/\/api.w.org\/{rel}","templated":true}]}}