{"id":12350,"date":"2025-01-09T07:39:09","date_gmt":"2025-01-09T07:39:09","guid":{"rendered":"https:\/\/livingmultimediosde.net.ar\/INDEX\/?p=12350"},"modified":"2025-01-09T07:39:12","modified_gmt":"2025-01-09T07:39:12","slug":"la-intendente-fuentes-y-autoridades-de-los-juzgados-de-faltas-mantuvieron-una-reunion-de-trabajo","status":"publish","type":"post","link":"https:\/\/livingmultimediosde.net.ar\/INDEX\/2025\/01\/la-intendente-fuentes-y-autoridades-de-los-juzgados-de-faltas-mantuvieron-una-reunion-de-trabajo\/","title":{"rendered":"La intendente Fuentes y autoridades de los juzgados de Faltas mantuvieron una reuni\u00f3n de trabajo"},"content":{"rendered":"\n<p class=\"wp-block-paragraph\">La intendente de la Capital, Ing. Norma Fuentes, recibi\u00f3 en el sal\u00f3n de acuerdos a las autoridades de los Juzgados de Faltas del municipio y de la provincia, con el prop\u00f3sito de fortalecer el trabajo articulado y dise\u00f1ar acciones conjuntas.<br>Participaron del encuentro el juez de Faltas de la provincia, Mat\u00edas Balmaceda; el juez administrativo de Faltas de la comuna, Adolfo Mishima y la fiscal del Tribunal de Faltas, Mar\u00eda del Carmen Carpintero.<br>Tambi\u00e9n formaron parte de la reuni\u00f3n de trabajo el subsecretario de Econom\u00eda, Francisco Zamora y el subsecretario de Gobierno, Diego Brunet.<br>All\u00ed, los funcionarios dialogaron sobre los alcances de las normativas vigentes que rigen para el ordenamiento urbano.<\/p>\n","protected":false},"excerpt":{"rendered":"<p>La intendente de la Capital, Ing. Norma Fuentes, recibi\u00f3 en el sal\u00f3n de acuerdos a las autoridades de los Juzgados de Faltas del municipio y de la provincia, con el prop\u00f3sito de fortalecer el trabajo articulado y dise\u00f1ar acciones conjuntas.Participaron del encuentro el juez de Faltas de la provincia, Mat\u00edas Balmaceda; el juez administrativo de Faltas de la comuna, Adolfo Mishima y la fiscal del Tribunal de Faltas, Mar\u00eda del Carmen Carpintero.Tambi\u00e9n formaron parte de la reuni\u00f3n de trabajo el subsecretario de Econom\u00eda, Francisco Zamora y el subsecretario de Gobierno,&hellip;<\/p>\n","protected":false},"author":1,"featured_media":0,"comment_status":"closed","ping_status":"closed","sticky":false,"template":"","format":"standard","meta":{"footnotes":""},"categories":[9],"tags":[],"class_list":["post-12350","post","type-post","status-publish","format-standard","hentry","category-noticias"],"rttpg_featured_image_url":null,"rttpg_author":{"display_name":"rober","author_link":"https:\/\/livingmultimediosde.net.ar\/INDEX\/author\/rober\/"},"rttpg_comment":0,"rttpg_category":"<a href=\"https:\/\/livingmultimediosde.net.ar\/INDEX\/category\/noticias\/\" rel=\"category tag\">NOTICIAS<\/a>","rttpg_excerpt":"La intendente de la Capital, Ing. Norma Fuentes, recibi\u00f3 en el sal\u00f3n de acuerdos a las autoridades de los Juzgados de Faltas del municipio y de la provincia, con el prop\u00f3sito de fortalecer el trabajo articulado y dise\u00f1ar acciones conjuntas.Participaron del encuentro el juez de Faltas de la provincia, Mat\u00edas Balmaceda; el juez administrativo de&hellip;","_links":{"self":[{"href":"https:\/\/livingmultimediosde.net.ar\/INDEX\/wp-json\/wp\/v2\/posts\/12350","targetHints":{"allow":["GET"]}}],"collection":[{"href":"https:\/\/livingmultimediosde.net.ar\/INDEX\/wp-json\/wp\/v2\/posts"}],"about":[{"href":"https:\/\/livingmultimediosde.net.ar\/INDEX\/wp-json\/wp\/v2\/types\/post"}],"author":[{"embeddable":true,"href":"https:\/\/livingmultimediosde.net.ar\/INDEX\/wp-json\/wp\/v2\/users\/1"}],"replies":[{"embeddable":true,"href":"https:\/\/livingmultimediosde.net.ar\/INDEX\/wp-json\/wp\/v2\/comments?post=12350"}],"version-history":[{"count":1,"href":"https:\/\/livingmultimediosde.net.ar\/INDEX\/wp-json\/wp\/v2\/posts\/12350\/revisions"}],"predecessor-version":[{"id":12352,"href":"https:\/\/livingmultimediosde.net.ar\/INDEX\/wp-json\/wp\/v2\/posts\/12350\/revisions\/12352"}],"wp:attachment":[{"href":"https:\/\/livingmultimediosde.net.ar\/INDEX\/wp-json\/wp\/v2\/media?parent=12350"}],"wp:term":[{"taxonomy":"category","embeddable":true,"href":"https:\/\/livingmultimediosde.net.ar\/INDEX\/wp-json\/wp\/v2\/categories?post=12350"},{"taxonomy":"post_tag","embeddable":true,"href":"https:\/\/livingmultimediosde.net.ar\/INDEX\/wp-json\/wp\/v2\/tags?post=12350"}],"curies":[{"name":"wp","href":"https:\/\/api.w.org\/{rel}","templated":true}]}}