{"id":12329,"date":"2025-01-08T04:10:51","date_gmt":"2025-01-08T04:10:51","guid":{"rendered":"https:\/\/livingmultimediosde.net.ar\/INDEX\/?p=12329"},"modified":"2025-01-08T04:10:53","modified_gmt":"2025-01-08T04:10:53","slug":"operativo-gratuito-de-parches-mamarios-prevenir-el-cancer-de-mama","status":"publish","type":"post","link":"https:\/\/livingmultimediosde.net.ar\/INDEX\/2025\/01\/operativo-gratuito-de-parches-mamarios-prevenir-el-cancer-de-mama\/","title":{"rendered":"Operativo gratuito de parches mamarios prevenir el c\u00e1ncer de mama"},"content":{"rendered":"\n<p class=\"wp-block-paragraph\">La Direcci\u00f3n de Maternidad e Infancia, Salud Integral de la Mujer y la Direcci\u00f3n de Atenci\u00f3n Primaria de la Salud del gobierno de Santiago del Estero organizan un importante operativo de colocaci\u00f3n de parches mamarios para la prevenci\u00f3n del c\u00e1ncer de mama.<\/p>\n\n\n\n<p class=\"wp-block-paragraph\">Este pr\u00f3ximo jueves 9 de enero a las 8:30 horas en la UPA Los Lagos, en la ciudad de La Banda, las mujeres de 40 a 70 a\u00f1os, con o sin obra social, est\u00e1n invitadas a participar del operativo de prevenci\u00f3n.<\/p>\n\n\n\n<p class=\"wp-block-paragraph\">Los parches mamarios son dispositivos complementarios que permiten detectar cambios tempranos en las mamas y posibles riesgos asociados, brindando una herramienta adicional para el cuidado de la salud femenina.<\/p>\n","protected":false},"excerpt":{"rendered":"<p>La Direcci\u00f3n de Maternidad e Infancia, Salud Integral de la Mujer y la Direcci\u00f3n de Atenci\u00f3n Primaria de la Salud del gobierno de Santiago del Estero organizan un importante operativo de colocaci\u00f3n de parches mamarios para la prevenci\u00f3n del c\u00e1ncer de mama. Este pr\u00f3ximo jueves 9 de enero a las 8:30 horas en la UPA Los Lagos, en la ciudad de La Banda, las mujeres de 40 a 70 a\u00f1os, con o sin obra social, est\u00e1n invitadas a participar del operativo de prevenci\u00f3n. Los parches mamarios son dispositivos complementarios que&hellip;<\/p>\n","protected":false},"author":1,"featured_media":0,"comment_status":"closed","ping_status":"closed","sticky":false,"template":"","format":"standard","meta":{"footnotes":""},"categories":[9],"tags":[],"class_list":["post-12329","post","type-post","status-publish","format-standard","hentry","category-noticias"],"rttpg_featured_image_url":null,"rttpg_author":{"display_name":"rober","author_link":"https:\/\/livingmultimediosde.net.ar\/INDEX\/author\/rober\/"},"rttpg_comment":0,"rttpg_category":"<a href=\"https:\/\/livingmultimediosde.net.ar\/INDEX\/category\/noticias\/\" rel=\"category tag\">NOTICIAS<\/a>","rttpg_excerpt":"La Direcci\u00f3n de Maternidad e Infancia, Salud Integral de la Mujer y la Direcci\u00f3n de Atenci\u00f3n Primaria de la Salud del gobierno de Santiago del Estero organizan un importante operativo de colocaci\u00f3n de parches mamarios para la prevenci\u00f3n del c\u00e1ncer de mama. Este pr\u00f3ximo jueves 9 de enero a las 8:30 horas en la UPA&hellip;","_links":{"self":[{"href":"https:\/\/livingmultimediosde.net.ar\/INDEX\/wp-json\/wp\/v2\/posts\/12329","targetHints":{"allow":["GET"]}}],"collection":[{"href":"https:\/\/livingmultimediosde.net.ar\/INDEX\/wp-json\/wp\/v2\/posts"}],"about":[{"href":"https:\/\/livingmultimediosde.net.ar\/INDEX\/wp-json\/wp\/v2\/types\/post"}],"author":[{"embeddable":true,"href":"https:\/\/livingmultimediosde.net.ar\/INDEX\/wp-json\/wp\/v2\/users\/1"}],"replies":[{"embeddable":true,"href":"https:\/\/livingmultimediosde.net.ar\/INDEX\/wp-json\/wp\/v2\/comments?post=12329"}],"version-history":[{"count":1,"href":"https:\/\/livingmultimediosde.net.ar\/INDEX\/wp-json\/wp\/v2\/posts\/12329\/revisions"}],"predecessor-version":[{"id":12331,"href":"https:\/\/livingmultimediosde.net.ar\/INDEX\/wp-json\/wp\/v2\/posts\/12329\/revisions\/12331"}],"wp:attachment":[{"href":"https:\/\/livingmultimediosde.net.ar\/INDEX\/wp-json\/wp\/v2\/media?parent=12329"}],"wp:term":[{"taxonomy":"category","embeddable":true,"href":"https:\/\/livingmultimediosde.net.ar\/INDEX\/wp-json\/wp\/v2\/categories?post=12329"},{"taxonomy":"post_tag","embeddable":true,"href":"https:\/\/livingmultimediosde.net.ar\/INDEX\/wp-json\/wp\/v2\/tags?post=12329"}],"curies":[{"name":"wp","href":"https:\/\/api.w.org\/{rel}","templated":true}]}}