{"id":12326,"date":"2025-01-07T02:36:01","date_gmt":"2025-01-07T02:36:01","guid":{"rendered":"https:\/\/livingmultimediosde.net.ar\/INDEX\/?p=12326"},"modified":"2025-01-07T02:36:05","modified_gmt":"2025-01-07T02:36:05","slug":"joe-biden-recibio-a-edmundo-gonzalez-urrutia-y-exigio-una-transicion-pacifica-de-poder-en-venezuela","status":"publish","type":"post","link":"https:\/\/livingmultimediosde.net.ar\/INDEX\/2025\/01\/joe-biden-recibio-a-edmundo-gonzalez-urrutia-y-exigio-una-transicion-pacifica-de-poder-en-venezuela\/","title":{"rendered":"Joe Biden recibi\u00f3 a Edmundo Gonz\u00e1lez Urrutia y exigi\u00f3 \u00abuna transici\u00f3n pac\u00edfica de poder\u00bb en Venezuela"},"content":{"rendered":"\n<p class=\"wp-block-paragraph\">El l\u00edder de la oposici\u00f3n venezolana Edmundo Gonz\u00e1lez Urrutia mantuvo hoy un encuentro con el presidente de Estados Unidos, Joe Biden, en la Casa Blanca donde \u00abreafirmaron su compromiso con la democracia\u00bb en el pa\u00eds bolivariano.<\/p>\n\n\n\n<p class=\"wp-block-paragraph\">El dirigente le agradeci\u00f3 al mandatario norteamericano en su cuenta de la red social X la reuni\u00f3n que dur\u00f3 unos 45 minutos donde \u00abpudieron profundizar sobre lo positivo que ser\u00e1, para la regi\u00f3n, la expansi\u00f3n de la democracia partiendo desde Venezuela\u00bb.<\/p>\n\n\n\n<p class=\"wp-block-paragraph\">Seg\u00fan consider\u00f3 Gonz\u00e1lez Urrutia, Biden \u00abdestac\u00f3 la valent\u00eda del pueblo venezolano y exigi\u00f3 una transici\u00f3n pac\u00edfica de poder el 10 de enero\u00bb, tras el encuentro en la ciudad de Washington.<\/p>\n\n\n\n<p class=\"wp-block-paragraph\">\u00abAgradecemos a Estados Unidos el respaldo al pueblo venezolano que lucha por la libertad y por seguir trabajando por un futuro democr\u00e1tico para Venezuela\u00bb, se\u00f1al\u00f3 el partido El Comando con Venezuela en Instagram.<\/p>\n\n\n\n<p class=\"wp-block-paragraph\">En tanto, un comunicado difundido luego del encuentro expres\u00f3 que ambos l\u00edderes repudiaron \u00abel uso inaceptable e indiscriminado de la represi\u00f3n contra manifestantes pac\u00edficos, activistas democr\u00e1ticos y la sociedad civil\u00bb, indic\u00f3 la agencia EFE.<\/p>\n\n\n\n<p class=\"wp-block-paragraph\">Biden insisti\u00f3 con que \u00ablos venezolanos deber\u00edan poder expresar sus opiniones pol\u00edticas pac\u00edficamente, sin temor a represalias de las fuerzas militares y policiales\u00bb.<\/p>\n\n\n\n<p class=\"wp-block-paragraph\">Gonz\u00e1lez Urrutia inici\u00f3 el fin de semana una gira internacional con un viaje por Sudam\u00e9rica, mientras en Caracas se prepara la ceremonia de investidura del actual presidente, Nicol\u00e1s Maduro, prevista para el pr\u00f3ximo viernes 10.<\/p>\n\n\n\n<p class=\"wp-block-paragraph\">El pasado s\u00e1bado el pol\u00edtico, de 74 a\u00f1os, se reuni\u00f3 con el presidente de Argentina, Javier Milei, en Buenos Aires, y m\u00e1s tarde se encontr\u00f3 en Montevideo con el presidente uruguayo, Luis Lacalle Pou.<\/p>\n\n\n\n<p class=\"wp-block-paragraph\">Las autoridades venezolanas aseguran que Maduro gan\u00f3 las elecciones de julio, aunque nunca publicaron las actas de las mesas de votaci\u00f3n, como lo reclaman la oposici\u00f3n y gobiernos de otros pa\u00edses.<\/p>\n\n\n\n<p class=\"wp-block-paragraph\">Mientras tanto el opositor venezolano se proclam\u00f3 vencedor y dice tener copias de los documentos electorales que as\u00ed lo acreditan.<\/p>\n\n\n\n<p class=\"wp-block-paragraph\">El Gobierno de Maduro, adem\u00e1s, ofrece una recompensa de 100.000 d\u00f3lares a quien aporte datos que permitan la detenci\u00f3n de Gonz\u00e1lez Urrutia, sobre quien pesa una orden de detenci\u00f3n emanada del Ministerio P\u00fablico, que lo acusa de varios delitos, entre ellos \u00abusurpaci\u00f3n de funciones, forjamiento de documento p\u00fablico y conspiraci\u00f3n\u00bb.<\/p>\n","protected":false},"excerpt":{"rendered":"<p>El l\u00edder de la oposici\u00f3n venezolana Edmundo Gonz\u00e1lez Urrutia mantuvo hoy un encuentro con el presidente de Estados Unidos, Joe Biden, en la Casa Blanca donde \u00abreafirmaron su compromiso con la democracia\u00bb en el pa\u00eds bolivariano. El dirigente le agradeci\u00f3 al mandatario norteamericano en su cuenta de la red social X la reuni\u00f3n que dur\u00f3 unos 45 minutos donde \u00abpudieron profundizar sobre lo positivo que ser\u00e1, para la regi\u00f3n, la expansi\u00f3n de la democracia partiendo desde Venezuela\u00bb. Seg\u00fan consider\u00f3 Gonz\u00e1lez Urrutia, Biden \u00abdestac\u00f3 la valent\u00eda del pueblo venezolano y exigi\u00f3&hellip;<\/p>\n","protected":false},"author":1,"featured_media":0,"comment_status":"closed","ping_status":"closed","sticky":false,"template":"","format":"standard","meta":{"footnotes":""},"categories":[4],"tags":[],"class_list":["post-12326","post","type-post","status-publish","format-standard","hentry","category-interes-general"],"rttpg_featured_image_url":null,"rttpg_author":{"display_name":"rober","author_link":"https:\/\/livingmultimediosde.net.ar\/INDEX\/author\/rober\/"},"rttpg_comment":0,"rttpg_category":"<a href=\"https:\/\/livingmultimediosde.net.ar\/INDEX\/category\/interes-general\/\" rel=\"category tag\">INTERES GENERAL<\/a>","rttpg_excerpt":"El l\u00edder de la oposici\u00f3n venezolana Edmundo Gonz\u00e1lez Urrutia mantuvo hoy un encuentro con el presidente de Estados Unidos, Joe Biden, en la Casa Blanca donde \u00abreafirmaron su compromiso con la democracia\u00bb en el pa\u00eds bolivariano. El dirigente le agradeci\u00f3 al mandatario norteamericano en su cuenta de la red social X la reuni\u00f3n que dur\u00f3&hellip;","_links":{"self":[{"href":"https:\/\/livingmultimediosde.net.ar\/INDEX\/wp-json\/wp\/v2\/posts\/12326","targetHints":{"allow":["GET"]}}],"collection":[{"href":"https:\/\/livingmultimediosde.net.ar\/INDEX\/wp-json\/wp\/v2\/posts"}],"about":[{"href":"https:\/\/livingmultimediosde.net.ar\/INDEX\/wp-json\/wp\/v2\/types\/post"}],"author":[{"embeddable":true,"href":"https:\/\/livingmultimediosde.net.ar\/INDEX\/wp-json\/wp\/v2\/users\/1"}],"replies":[{"embeddable":true,"href":"https:\/\/livingmultimediosde.net.ar\/INDEX\/wp-json\/wp\/v2\/comments?post=12326"}],"version-history":[{"count":1,"href":"https:\/\/livingmultimediosde.net.ar\/INDEX\/wp-json\/wp\/v2\/posts\/12326\/revisions"}],"predecessor-version":[{"id":12328,"href":"https:\/\/livingmultimediosde.net.ar\/INDEX\/wp-json\/wp\/v2\/posts\/12326\/revisions\/12328"}],"wp:attachment":[{"href":"https:\/\/livingmultimediosde.net.ar\/INDEX\/wp-json\/wp\/v2\/media?parent=12326"}],"wp:term":[{"taxonomy":"category","embeddable":true,"href":"https:\/\/livingmultimediosde.net.ar\/INDEX\/wp-json\/wp\/v2\/categories?post=12326"},{"taxonomy":"post_tag","embeddable":true,"href":"https:\/\/livingmultimediosde.net.ar\/INDEX\/wp-json\/wp\/v2\/tags?post=12326"}],"curies":[{"name":"wp","href":"https:\/\/api.w.org\/{rel}","templated":true}]}}