{"id":12320,"date":"2025-01-07T02:23:36","date_gmt":"2025-01-07T02:23:36","guid":{"rendered":"https:\/\/livingmultimediosde.net.ar\/INDEX\/?p=12320"},"modified":"2025-01-07T02:23:39","modified_gmt":"2025-01-07T02:23:39","slug":"el-gobierno-insiste-con-eliminar-las-paso-y-no-suspenderlas","status":"publish","type":"post","link":"https:\/\/livingmultimediosde.net.ar\/INDEX\/2025\/01\/el-gobierno-insiste-con-eliminar-las-paso-y-no-suspenderlas\/","title":{"rendered":"El Gobierno insiste con eliminar las PASO y no suspenderlas"},"content":{"rendered":"\n<p class=\"wp-block-paragraph\">El gobierno de Javier Milei ratific\u00f3 hoy que buscar\u00e1 \u00abeliminar\u00bb las PASO y no suspenderlas como aconseja el PRO, y planea llamar a sesiones extraordinarias del Congreso para abordar ese tema \u00aba fin de mes o a principios de febrero\u00bb.<\/p>\n\n\n\n<p class=\"wp-block-paragraph\">As\u00ed lo plante\u00f3 uno de los principales funcionarios libertarios con despacho en la Casa Rosada ante un grupo de periodistas acreditados, entre ellos la Agencia Noticias Argentinas.<\/p>\n\n\n\n<p class=\"wp-block-paragraph\">\u00abNo queremos la suspensi\u00f3n de las PASO, queremos la eliminaci\u00f3n, no lo vamos a negociar. Lo m\u00e1s probable es que se trate en extraordinarias, que supongo que se convocar\u00e1n para fin de mes o la primera quincena de febrero a m\u00e1s tardar\u00bb, dijo esta fuente.<\/p>\n\n\n\n<p class=\"wp-block-paragraph\">En las \u00faltimas horas hab\u00eda trascendido que en los bloques de la oposici\u00f3n, sobre todo el PRO y Uni\u00f3n por la Patria, predomina la idea de suspenderlas por \u00fanica vez, y resisten votar la eliminaci\u00f3n para siempre de las Primarias, Abiertas, Simult\u00e1neas y Obligatorias (PASO).<\/p>\n\n\n\n<p class=\"wp-block-paragraph\">De hecho, el PRO impulsa la suspensi\u00f3n de las primarias en la Ciudad, en el marco de su iniciativa de desdoblar los comicios de los nacionales.<\/p>\n\n\n\n<p class=\"wp-block-paragraph\">Durante este lunes, el jefe de Gabinete, Guillermo Francos, tambi\u00e9n volvi\u00f3 a la carga con la postura del oficialismo de la necesidad de eliminarlas: \u00abNo hay que someter a los argentinos al costo de las PASO que no sirven para nada\u00bb, dijo en declaraciones radiales.<\/p>\n\n\n\n<p class=\"wp-block-paragraph\">\u00abEs un conflicto que deber\u00edan resolver los partidos, porque someter al pueblo a ir a votar y a soportar un costo de 200 millones de d\u00f3lares es una locura para unas PASO. Por eso, el Gobierno est\u00e1 planteando, con responsabilidad, eliminarlas\u00bb, continu\u00f3.<\/p>\n\n\n\n<p class=\"wp-block-paragraph\">Al respecto, Francos agreg\u00f3 que a\u00fan no han conseguido \u00abel apoyo suficiente\u00bb para aprobar esta iniciativa en el Congreso, pero remarc\u00f3 que el oficialismo va \u00aba insistir\u00bb para lograrlo.<\/p>\n","protected":false},"excerpt":{"rendered":"<p>El gobierno de Javier Milei ratific\u00f3 hoy que buscar\u00e1 \u00abeliminar\u00bb las PASO y no suspenderlas como aconseja el PRO, y planea llamar a sesiones extraordinarias del Congreso para abordar ese tema \u00aba fin de mes o a principios de febrero\u00bb. As\u00ed lo plante\u00f3 uno de los principales funcionarios libertarios con despacho en la Casa Rosada ante un grupo de periodistas acreditados, entre ellos la Agencia Noticias Argentinas. \u00abNo queremos la suspensi\u00f3n de las PASO, queremos la eliminaci\u00f3n, no lo vamos a negociar. Lo m\u00e1s probable es que se trate en&hellip;<\/p>\n","protected":false},"author":1,"featured_media":0,"comment_status":"closed","ping_status":"closed","sticky":false,"template":"","format":"standard","meta":{"footnotes":""},"categories":[4],"tags":[],"class_list":["post-12320","post","type-post","status-publish","format-standard","hentry","category-interes-general"],"rttpg_featured_image_url":null,"rttpg_author":{"display_name":"rober","author_link":"https:\/\/livingmultimediosde.net.ar\/INDEX\/author\/rober\/"},"rttpg_comment":0,"rttpg_category":"<a href=\"https:\/\/livingmultimediosde.net.ar\/INDEX\/category\/interes-general\/\" rel=\"category tag\">INTERES GENERAL<\/a>","rttpg_excerpt":"El gobierno de Javier Milei ratific\u00f3 hoy que buscar\u00e1 \u00abeliminar\u00bb las PASO y no suspenderlas como aconseja el PRO, y planea llamar a sesiones extraordinarias del Congreso para abordar ese tema \u00aba fin de mes o a principios de febrero\u00bb. As\u00ed lo plante\u00f3 uno de los principales funcionarios libertarios con despacho en la Casa Rosada&hellip;","_links":{"self":[{"href":"https:\/\/livingmultimediosde.net.ar\/INDEX\/wp-json\/wp\/v2\/posts\/12320","targetHints":{"allow":["GET"]}}],"collection":[{"href":"https:\/\/livingmultimediosde.net.ar\/INDEX\/wp-json\/wp\/v2\/posts"}],"about":[{"href":"https:\/\/livingmultimediosde.net.ar\/INDEX\/wp-json\/wp\/v2\/types\/post"}],"author":[{"embeddable":true,"href":"https:\/\/livingmultimediosde.net.ar\/INDEX\/wp-json\/wp\/v2\/users\/1"}],"replies":[{"embeddable":true,"href":"https:\/\/livingmultimediosde.net.ar\/INDEX\/wp-json\/wp\/v2\/comments?post=12320"}],"version-history":[{"count":1,"href":"https:\/\/livingmultimediosde.net.ar\/INDEX\/wp-json\/wp\/v2\/posts\/12320\/revisions"}],"predecessor-version":[{"id":12322,"href":"https:\/\/livingmultimediosde.net.ar\/INDEX\/wp-json\/wp\/v2\/posts\/12320\/revisions\/12322"}],"wp:attachment":[{"href":"https:\/\/livingmultimediosde.net.ar\/INDEX\/wp-json\/wp\/v2\/media?parent=12320"}],"wp:term":[{"taxonomy":"category","embeddable":true,"href":"https:\/\/livingmultimediosde.net.ar\/INDEX\/wp-json\/wp\/v2\/categories?post=12320"},{"taxonomy":"post_tag","embeddable":true,"href":"https:\/\/livingmultimediosde.net.ar\/INDEX\/wp-json\/wp\/v2\/tags?post=12320"}],"curies":[{"name":"wp","href":"https:\/\/api.w.org\/{rel}","templated":true}]}}