{"id":12317,"date":"2025-01-07T02:20:09","date_gmt":"2025-01-07T02:20:09","guid":{"rendered":"https:\/\/livingmultimediosde.net.ar\/INDEX\/?p=12317"},"modified":"2025-01-07T02:20:11","modified_gmt":"2025-01-07T02:20:11","slug":"javier-milei-inicia-su-segundo-ano-de-mandato-con-foco-en-la-economia-y-viajes-internacionales","status":"publish","type":"post","link":"https:\/\/livingmultimediosde.net.ar\/INDEX\/2025\/01\/javier-milei-inicia-su-segundo-ano-de-mandato-con-foco-en-la-economia-y-viajes-internacionales\/","title":{"rendered":"Javier Milei inicia su segundo a\u00f1o de mandato con foco en la econom\u00eda y viajes internacionales"},"content":{"rendered":"\n<p class=\"wp-block-paragraph\">El presidente Javier Milei comienza su segundo a\u00f1o de gesti\u00f3n centrado en la econom\u00eda y la agenda internacional, antes de que 2025 ingrese en \u00abmodo campa\u00f1a\u00bb de cara a las elecciones legislativas en las que el oficialismo buscar\u00e1 reforzar sus bloques de diputados y senadores.<\/p>\n\n\n\n<p class=\"wp-block-paragraph\">La agenda internacional motiv\u00f3 hasta ahora la primera actividad importante de Milei de este a\u00f1o, ya que el s\u00e1bado pasado recibi\u00f3 en Casa Rosada y dio su apoyo al presidente electo de Venezuela, Edmundo Gonz\u00e1lez Urrutia, quien est\u00e1 desafiando a Nicol\u00e1s Maduro con su intenci\u00f3n de regresar a Venezuela y asumir el cargo el 10 de este mes.<\/p>\n\n\n\n<p class=\"wp-block-paragraph\">Los temas de geopol\u00edtica seguir\u00e1n al frente de las prioridades de Milei este mes, ya que el 17 viaja a Washington DC. para participar de la asunci\u00f3n de Donald Trump, quien invit\u00f3 al mandatario argentino a ese evento.<\/p>\n\n\n\n<p class=\"wp-block-paragraph\">\u00abHabr\u00e1 reuniones con el equipo de Trump y con empresarios\u00bb, adelantaron fuentes de Presidencia sobre el viaje a la capital estadounidense, donde se pondr\u00e1 en marcha formalmente el fuerte lazo que ya vienen forjando Milei y Trump.<\/p>\n\n\n\n<p class=\"wp-block-paragraph\">El 21 de enero se prev\u00e9 la llegada del presidente argentino a Suiza, directamente desde los Estados Unidos, para volver a dar un discurso en el foro de empresarios de Davos.<\/p>\n\n\n\n<p class=\"wp-block-paragraph\">El equipo de Milei qued\u00f3 satisfecho con su intervenci\u00f3n en Davos del a\u00f1o pasado, a s\u00f3lo semanas de haber asumido, (\u00abOccidente est\u00e1 en peligro\u00bb, denunci\u00f3) y las mismas fuentes se\u00f1alaron que se espera otro discurso fuerte, ya que \u00abel mensaje del a\u00f1o pasado hizo mucho ruido y luego el mundo gir\u00f3\u00bb.<\/p>\n\n\n\n<p class=\"wp-block-paragraph\">El otro tema esencial del que el l\u00edder libertario seguir\u00e1 encima ser\u00e1 la econom\u00eda, que este a\u00f1o lo inici\u00f3 con la noticia de la fuerte baja del Riesgo Pa\u00eds.<\/p>\n\n\n\n<p class=\"wp-block-paragraph\">Tanto los super\u00e1vits financiero y comercial, como el d\u00f3lar a raya ser\u00e1n los pilares que el Gobierno buscar\u00e1 mantener y se espera, seg\u00fan las palabras del propio mandatario, que en alg\u00fan momento del a\u00f1o se produzca la salida del cepo.<\/p>\n\n\n\n<p class=\"wp-block-paragraph\">A caballo de estos logros, la gesti\u00f3n libertaria espera tener un buen desempe\u00f1o electoral en las legislativas, y as\u00ed nutrir sus bloques en ambas c\u00e1maras, sobre todo en diputados donde se proyecta que La Libertad Avanza pasar\u00e1 a tener m\u00e1s del doble de los esca\u00f1os actuales.<\/p>\n","protected":false},"excerpt":{"rendered":"<p>El presidente Javier Milei comienza su segundo a\u00f1o de gesti\u00f3n centrado en la econom\u00eda y la agenda internacional, antes de que 2025 ingrese en \u00abmodo campa\u00f1a\u00bb de cara a las elecciones legislativas en las que el oficialismo buscar\u00e1 reforzar sus bloques de diputados y senadores. La agenda internacional motiv\u00f3 hasta ahora la primera actividad importante de Milei de este a\u00f1o, ya que el s\u00e1bado pasado recibi\u00f3 en Casa Rosada y dio su apoyo al presidente electo de Venezuela, Edmundo Gonz\u00e1lez Urrutia, quien est\u00e1 desafiando a Nicol\u00e1s Maduro con su intenci\u00f3n&hellip;<\/p>\n","protected":false},"author":1,"featured_media":0,"comment_status":"closed","ping_status":"closed","sticky":false,"template":"","format":"standard","meta":{"footnotes":""},"categories":[4],"tags":[],"class_list":["post-12317","post","type-post","status-publish","format-standard","hentry","category-interes-general"],"rttpg_featured_image_url":null,"rttpg_author":{"display_name":"rober","author_link":"https:\/\/livingmultimediosde.net.ar\/INDEX\/author\/rober\/"},"rttpg_comment":0,"rttpg_category":"<a href=\"https:\/\/livingmultimediosde.net.ar\/INDEX\/category\/interes-general\/\" rel=\"category tag\">INTERES GENERAL<\/a>","rttpg_excerpt":"El presidente Javier Milei comienza su segundo a\u00f1o de gesti\u00f3n centrado en la econom\u00eda y la agenda internacional, antes de que 2025 ingrese en \u00abmodo campa\u00f1a\u00bb de cara a las elecciones legislativas en las que el oficialismo buscar\u00e1 reforzar sus bloques de diputados y senadores. La agenda internacional motiv\u00f3 hasta ahora la primera actividad importante&hellip;","_links":{"self":[{"href":"https:\/\/livingmultimediosde.net.ar\/INDEX\/wp-json\/wp\/v2\/posts\/12317","targetHints":{"allow":["GET"]}}],"collection":[{"href":"https:\/\/livingmultimediosde.net.ar\/INDEX\/wp-json\/wp\/v2\/posts"}],"about":[{"href":"https:\/\/livingmultimediosde.net.ar\/INDEX\/wp-json\/wp\/v2\/types\/post"}],"author":[{"embeddable":true,"href":"https:\/\/livingmultimediosde.net.ar\/INDEX\/wp-json\/wp\/v2\/users\/1"}],"replies":[{"embeddable":true,"href":"https:\/\/livingmultimediosde.net.ar\/INDEX\/wp-json\/wp\/v2\/comments?post=12317"}],"version-history":[{"count":1,"href":"https:\/\/livingmultimediosde.net.ar\/INDEX\/wp-json\/wp\/v2\/posts\/12317\/revisions"}],"predecessor-version":[{"id":12319,"href":"https:\/\/livingmultimediosde.net.ar\/INDEX\/wp-json\/wp\/v2\/posts\/12317\/revisions\/12319"}],"wp:attachment":[{"href":"https:\/\/livingmultimediosde.net.ar\/INDEX\/wp-json\/wp\/v2\/media?parent=12317"}],"wp:term":[{"taxonomy":"category","embeddable":true,"href":"https:\/\/livingmultimediosde.net.ar\/INDEX\/wp-json\/wp\/v2\/categories?post=12317"},{"taxonomy":"post_tag","embeddable":true,"href":"https:\/\/livingmultimediosde.net.ar\/INDEX\/wp-json\/wp\/v2\/tags?post=12317"}],"curies":[{"name":"wp","href":"https:\/\/api.w.org\/{rel}","templated":true}]}}