{"id":12313,"date":"2025-01-07T02:16:26","date_gmt":"2025-01-07T02:16:26","guid":{"rendered":"https:\/\/livingmultimediosde.net.ar\/INDEX\/?p=12313"},"modified":"2025-01-07T02:16:29","modified_gmt":"2025-01-07T02:16:29","slug":"obras-publicas-de-la-municipalidad-trabaja-en-la-reposicion-de-rejillas-de-desagues-que-fueron-sustraidas","status":"publish","type":"post","link":"https:\/\/livingmultimediosde.net.ar\/INDEX\/2025\/01\/obras-publicas-de-la-municipalidad-trabaja-en-la-reposicion-de-rejillas-de-desagues-que-fueron-sustraidas\/","title":{"rendered":"Obras P\u00fablicas de la Municipalidad trabaja en la reposici\u00f3n de rejillas de desag\u00fces que fueron sustra\u00eddas"},"content":{"rendered":"\n<p class=\"wp-block-paragraph\">La Direcci\u00f3n de Obras P\u00fablicas de la Capital inici\u00f3 la reposici\u00f3n y el arreglo de rejillas del desag\u00fce ubicado sobre la avenida Col\u00f3n, que se deterioraron por el paso del tiempo o por actos de vandalismo.<br>En esta oportunidad, dentro del programa de mantenimiento de la ciudad, los operarios intervinieron en la intersecci\u00f3n con la calle Espa\u00f1a, previendo avanzar los pr\u00f3ximos d\u00edas en las esquinas de la avenida Col\u00f3n con las calles Libertad, La Rioja y Pedro Le\u00f3n Gallo.<br>Se trata de elementos que protegen los desag\u00fces para evitar el ingreso de basura o cualquier material voluminoso que impedir\u00eda el curso normal del agua.<br>Posteriormente, las tareas continuar\u00e1n en el barrio Aeropuerto, en Independencia y Santa Rita y en Andes y Capit\u00e1n del Casta\u00f1o, entre otros sectores de la ciudad.<\/p>\n","protected":false},"excerpt":{"rendered":"<p>La Direcci\u00f3n de Obras P\u00fablicas de la Capital inici\u00f3 la reposici\u00f3n y el arreglo de rejillas del desag\u00fce ubicado sobre la avenida Col\u00f3n, que se deterioraron por el paso del tiempo o por actos de vandalismo.En esta oportunidad, dentro del programa de mantenimiento de la ciudad, los operarios intervinieron en la intersecci\u00f3n con la calle Espa\u00f1a, previendo avanzar los pr\u00f3ximos d\u00edas en las esquinas de la avenida Col\u00f3n con las calles Libertad, La Rioja y Pedro Le\u00f3n Gallo.Se trata de elementos que protegen los desag\u00fces para evitar el ingreso de&hellip;<\/p>\n","protected":false},"author":1,"featured_media":0,"comment_status":"closed","ping_status":"closed","sticky":false,"template":"","format":"standard","meta":{"footnotes":""},"categories":[9],"tags":[],"class_list":["post-12313","post","type-post","status-publish","format-standard","hentry","category-noticias"],"rttpg_featured_image_url":null,"rttpg_author":{"display_name":"rober","author_link":"https:\/\/livingmultimediosde.net.ar\/INDEX\/author\/rober\/"},"rttpg_comment":0,"rttpg_category":"<a href=\"https:\/\/livingmultimediosde.net.ar\/INDEX\/category\/noticias\/\" rel=\"category tag\">NOTICIAS<\/a>","rttpg_excerpt":"La Direcci\u00f3n de Obras P\u00fablicas de la Capital inici\u00f3 la reposici\u00f3n y el arreglo de rejillas del desag\u00fce ubicado sobre la avenida Col\u00f3n, que se deterioraron por el paso del tiempo o por actos de vandalismo.En esta oportunidad, dentro del programa de mantenimiento de la ciudad, los operarios intervinieron en la intersecci\u00f3n con la calle&hellip;","_links":{"self":[{"href":"https:\/\/livingmultimediosde.net.ar\/INDEX\/wp-json\/wp\/v2\/posts\/12313","targetHints":{"allow":["GET"]}}],"collection":[{"href":"https:\/\/livingmultimediosde.net.ar\/INDEX\/wp-json\/wp\/v2\/posts"}],"about":[{"href":"https:\/\/livingmultimediosde.net.ar\/INDEX\/wp-json\/wp\/v2\/types\/post"}],"author":[{"embeddable":true,"href":"https:\/\/livingmultimediosde.net.ar\/INDEX\/wp-json\/wp\/v2\/users\/1"}],"replies":[{"embeddable":true,"href":"https:\/\/livingmultimediosde.net.ar\/INDEX\/wp-json\/wp\/v2\/comments?post=12313"}],"version-history":[{"count":1,"href":"https:\/\/livingmultimediosde.net.ar\/INDEX\/wp-json\/wp\/v2\/posts\/12313\/revisions"}],"predecessor-version":[{"id":12314,"href":"https:\/\/livingmultimediosde.net.ar\/INDEX\/wp-json\/wp\/v2\/posts\/12313\/revisions\/12314"}],"wp:attachment":[{"href":"https:\/\/livingmultimediosde.net.ar\/INDEX\/wp-json\/wp\/v2\/media?parent=12313"}],"wp:term":[{"taxonomy":"category","embeddable":true,"href":"https:\/\/livingmultimediosde.net.ar\/INDEX\/wp-json\/wp\/v2\/categories?post=12313"},{"taxonomy":"post_tag","embeddable":true,"href":"https:\/\/livingmultimediosde.net.ar\/INDEX\/wp-json\/wp\/v2\/tags?post=12313"}],"curies":[{"name":"wp","href":"https:\/\/api.w.org\/{rel}","templated":true}]}}