{"id":12308,"date":"2025-01-07T02:14:23","date_gmt":"2025-01-07T02:14:23","guid":{"rendered":"https:\/\/livingmultimediosde.net.ar\/INDEX\/?p=12308"},"modified":"2025-01-07T02:14:26","modified_gmt":"2025-01-07T02:14:26","slug":"personal-municipal-de-la-capital-continua-su-programa-de-refuerzo-de-desmalezamiento","status":"publish","type":"post","link":"https:\/\/livingmultimediosde.net.ar\/INDEX\/2025\/01\/personal-municipal-de-la-capital-continua-su-programa-de-refuerzo-de-desmalezamiento\/","title":{"rendered":"Personal municipal de la Capital contin\u00faa su programa de refuerzo de desmalezamiento"},"content":{"rendered":"\n<p class=\"wp-block-paragraph\">Personal de Servicios Urbanos de la Municipalidad contin\u00faa con los trabajos de refuerzo de desmalezamientos y limpieza en diferentes sectores, dentro del plan de mantenimiento general de la ciudad.<br>Durante la jornada del lunes las tareas, realizadas por los centros operativos, se localizaron en la platabanda de la avenida Sol\u00eds entre Belgrano y Aguirre; en la ribera del r\u00edo Dulce; en la avenida Diego Armando Maradona; en las calles Lavalle y Garibaldi del barrio Ram\u00f3n Carrillo; en la calle Bravo de Zamora del barrio Almirante Brown, entre otros.<br>Por su parte, el \u00e1rea de Parques y Paseos tambi\u00e9n concret\u00f3 id\u00e9nticos trabajos en la plaza del Docente Santiague\u00f1o en el barrio Borges.<br>Durante los pr\u00f3ximos d\u00edas, el programa municipal avanzar\u00e1 sobre otras de la ciudad de acuerdo a su planificaci\u00f3n.<\/p>\n","protected":false},"excerpt":{"rendered":"<p>Personal de Servicios Urbanos de la Municipalidad contin\u00faa con los trabajos de refuerzo de desmalezamientos y limpieza en diferentes sectores, dentro del plan de mantenimiento general de la ciudad.Durante la jornada del lunes las tareas, realizadas por los centros operativos, se localizaron en la platabanda de la avenida Sol\u00eds entre Belgrano y Aguirre; en la ribera del r\u00edo Dulce; en la avenida Diego Armando Maradona; en las calles Lavalle y Garibaldi del barrio Ram\u00f3n Carrillo; en la calle Bravo de Zamora del barrio Almirante Brown, entre otros.Por su parte, el&hellip;<\/p>\n","protected":false},"author":1,"featured_media":0,"comment_status":"closed","ping_status":"closed","sticky":false,"template":"","format":"standard","meta":{"footnotes":""},"categories":[9],"tags":[],"class_list":["post-12308","post","type-post","status-publish","format-standard","hentry","category-noticias"],"rttpg_featured_image_url":null,"rttpg_author":{"display_name":"rober","author_link":"https:\/\/livingmultimediosde.net.ar\/INDEX\/author\/rober\/"},"rttpg_comment":0,"rttpg_category":"<a href=\"https:\/\/livingmultimediosde.net.ar\/INDEX\/category\/noticias\/\" rel=\"category tag\">NOTICIAS<\/a>","rttpg_excerpt":"Personal de Servicios Urbanos de la Municipalidad contin\u00faa con los trabajos de refuerzo de desmalezamientos y limpieza en diferentes sectores, dentro del plan de mantenimiento general de la ciudad.Durante la jornada del lunes las tareas, realizadas por los centros operativos, se localizaron en la platabanda de la avenida Sol\u00eds entre Belgrano y Aguirre; en la&hellip;","_links":{"self":[{"href":"https:\/\/livingmultimediosde.net.ar\/INDEX\/wp-json\/wp\/v2\/posts\/12308","targetHints":{"allow":["GET"]}}],"collection":[{"href":"https:\/\/livingmultimediosde.net.ar\/INDEX\/wp-json\/wp\/v2\/posts"}],"about":[{"href":"https:\/\/livingmultimediosde.net.ar\/INDEX\/wp-json\/wp\/v2\/types\/post"}],"author":[{"embeddable":true,"href":"https:\/\/livingmultimediosde.net.ar\/INDEX\/wp-json\/wp\/v2\/users\/1"}],"replies":[{"embeddable":true,"href":"https:\/\/livingmultimediosde.net.ar\/INDEX\/wp-json\/wp\/v2\/comments?post=12308"}],"version-history":[{"count":1,"href":"https:\/\/livingmultimediosde.net.ar\/INDEX\/wp-json\/wp\/v2\/posts\/12308\/revisions"}],"predecessor-version":[{"id":12312,"href":"https:\/\/livingmultimediosde.net.ar\/INDEX\/wp-json\/wp\/v2\/posts\/12308\/revisions\/12312"}],"wp:attachment":[{"href":"https:\/\/livingmultimediosde.net.ar\/INDEX\/wp-json\/wp\/v2\/media?parent=12308"}],"wp:term":[{"taxonomy":"category","embeddable":true,"href":"https:\/\/livingmultimediosde.net.ar\/INDEX\/wp-json\/wp\/v2\/categories?post=12308"},{"taxonomy":"post_tag","embeddable":true,"href":"https:\/\/livingmultimediosde.net.ar\/INDEX\/wp-json\/wp\/v2\/tags?post=12308"}],"curies":[{"name":"wp","href":"https:\/\/api.w.org\/{rel}","templated":true}]}}