{"id":12305,"date":"2025-01-07T02:11:32","date_gmt":"2025-01-07T02:11:32","guid":{"rendered":"https:\/\/livingmultimediosde.net.ar\/INDEX\/?p=12305"},"modified":"2025-01-07T02:11:34","modified_gmt":"2025-01-07T02:11:34","slug":"el-juez-de-faltas-de-la-provincia-realizo-en-loreto-una-capacitacion-sobre-control-de-transito-y-seguridad-vial","status":"publish","type":"post","link":"https:\/\/livingmultimediosde.net.ar\/INDEX\/2025\/01\/el-juez-de-faltas-de-la-provincia-realizo-en-loreto-una-capacitacion-sobre-control-de-transito-y-seguridad-vial\/","title":{"rendered":"El Juez de Faltas de la Provincia realiz\u00f3 en Loreto una capacitaci\u00f3n sobre control de transito y seguridad vial"},"content":{"rendered":"\n<p class=\"wp-block-paragraph\">El juez de Faltas de la provincia, Mat\u00edas Balmaceda, ofreci\u00f3 este lunes en la ciudad de Loreto una disertaci\u00f3n sobre Control de Tr\u00e1nsito y Seguridad Vial, destinada a agentes municipales y personal policial.<\/p>\n\n\n\n<p class=\"wp-block-paragraph\">Esta actividad se llev\u00f3 adelante como parte de acciones conjuntas entre el Ministerio de Gobierno Seguridad y Culto, la Municipalidad de Loreto y el Juzgado de Faltas de la Provincia con el objetivo esencial de \u201cconocer las actualizaciones vigentes en materia de Justicia de Faltas, entender los conceptos claves de la Seguridad Vial, crear conciencia de la importancia del rol del funcionario en la seguridad vial y lograr ser agentes multiplicadores de las normas del buen uso de la v\u00eda p\u00fablica conociendo las reglamentaciones vigentes en el territorio provincial\u201d.<\/p>\n\n\n\n<p class=\"wp-block-paragraph\">En este caso, la jornada de capacitaci\u00f3n se origin\u00f3 por inquietud de la intendencia local y del Juzgado Municipal de Faltas de esa ciudad. Particip\u00f3 un importante n\u00famero de inspectores de Tr\u00e1nsito local y personal policial de la Departamental Loreto.<\/p>\n\n\n\n<p class=\"wp-block-paragraph\">El Dr. Balmaceda tiene a su cargo el juzgamiento de las infracciones de tr\u00e1nsito cometidas en todo el territorio de la provincia, labradas por el Cuerpo Especial de Seguridad Vial de la Polic\u00eda.<\/p>\n\n\n\n<p class=\"wp-block-paragraph\">El intendente de Loreto, Ram\u00f3n Gonz\u00e1lez, y el juez de Faltas Municipal, Nelson Coronel, participaron de la disertaci\u00f3n y calificaron la visita como \u201caltamente positiva\u201d al considerar \u201cimportante la permanente actualizaci\u00f3n en materia de seguridad vial, teniendo en cuenta que los siniestros viales son una de las principales causas de muertes y lesiones del mundo\u201d.<\/p>\n","protected":false},"excerpt":{"rendered":"<p>El juez de Faltas de la provincia, Mat\u00edas Balmaceda, ofreci\u00f3 este lunes en la ciudad de Loreto una disertaci\u00f3n sobre Control de Tr\u00e1nsito y Seguridad Vial, destinada a agentes municipales y personal policial. Esta actividad se llev\u00f3 adelante como parte de acciones conjuntas entre el Ministerio de Gobierno Seguridad y Culto, la Municipalidad de Loreto y el Juzgado de Faltas de la Provincia con el objetivo esencial de \u201cconocer las actualizaciones vigentes en materia de Justicia de Faltas, entender los conceptos claves de la Seguridad Vial, crear conciencia de la&hellip;<\/p>\n","protected":false},"author":1,"featured_media":0,"comment_status":"closed","ping_status":"closed","sticky":false,"template":"","format":"standard","meta":{"footnotes":""},"categories":[9],"tags":[],"class_list":["post-12305","post","type-post","status-publish","format-standard","hentry","category-noticias"],"rttpg_featured_image_url":null,"rttpg_author":{"display_name":"rober","author_link":"https:\/\/livingmultimediosde.net.ar\/INDEX\/author\/rober\/"},"rttpg_comment":0,"rttpg_category":"<a href=\"https:\/\/livingmultimediosde.net.ar\/INDEX\/category\/noticias\/\" rel=\"category tag\">NOTICIAS<\/a>","rttpg_excerpt":"El juez de Faltas de la provincia, Mat\u00edas Balmaceda, ofreci\u00f3 este lunes en la ciudad de Loreto una disertaci\u00f3n sobre Control de Tr\u00e1nsito y Seguridad Vial, destinada a agentes municipales y personal policial. Esta actividad se llev\u00f3 adelante como parte de acciones conjuntas entre el Ministerio de Gobierno Seguridad y Culto, la Municipalidad de Loreto&hellip;","_links":{"self":[{"href":"https:\/\/livingmultimediosde.net.ar\/INDEX\/wp-json\/wp\/v2\/posts\/12305","targetHints":{"allow":["GET"]}}],"collection":[{"href":"https:\/\/livingmultimediosde.net.ar\/INDEX\/wp-json\/wp\/v2\/posts"}],"about":[{"href":"https:\/\/livingmultimediosde.net.ar\/INDEX\/wp-json\/wp\/v2\/types\/post"}],"author":[{"embeddable":true,"href":"https:\/\/livingmultimediosde.net.ar\/INDEX\/wp-json\/wp\/v2\/users\/1"}],"replies":[{"embeddable":true,"href":"https:\/\/livingmultimediosde.net.ar\/INDEX\/wp-json\/wp\/v2\/comments?post=12305"}],"version-history":[{"count":1,"href":"https:\/\/livingmultimediosde.net.ar\/INDEX\/wp-json\/wp\/v2\/posts\/12305\/revisions"}],"predecessor-version":[{"id":12307,"href":"https:\/\/livingmultimediosde.net.ar\/INDEX\/wp-json\/wp\/v2\/posts\/12305\/revisions\/12307"}],"wp:attachment":[{"href":"https:\/\/livingmultimediosde.net.ar\/INDEX\/wp-json\/wp\/v2\/media?parent=12305"}],"wp:term":[{"taxonomy":"category","embeddable":true,"href":"https:\/\/livingmultimediosde.net.ar\/INDEX\/wp-json\/wp\/v2\/categories?post=12305"},{"taxonomy":"post_tag","embeddable":true,"href":"https:\/\/livingmultimediosde.net.ar\/INDEX\/wp-json\/wp\/v2\/tags?post=12305"}],"curies":[{"name":"wp","href":"https:\/\/api.w.org\/{rel}","templated":true}]}}