{"id":12302,"date":"2025-01-06T03:57:59","date_gmt":"2025-01-06T03:57:59","guid":{"rendered":"https:\/\/livingmultimediosde.net.ar\/INDEX\/?p=12302"},"modified":"2025-01-06T03:58:02","modified_gmt":"2025-01-06T03:58:02","slug":"maduro-llama-a-venezolanos-a-acompanarlo-en-su-juramento-el-10-de-enero","status":"publish","type":"post","link":"https:\/\/livingmultimediosde.net.ar\/INDEX\/2025\/01\/maduro-llama-a-venezolanos-a-acompanarlo-en-su-juramento-el-10-de-enero\/","title":{"rendered":"Maduro llama a venezolanos a acompa\u00f1arlo en su juramento el 10 de enero"},"content":{"rendered":"\n<p class=\"wp-block-paragraph\">El presidente de Venezuela, Nicol\u00e1s Maduro, llam\u00f3 este domingo al pueblo venezolano a salir a las calles el pr\u00f3ximo 10 de enero, a respaldar su juramento para un tercer mandato presidencial (2025-2031).<\/p>\n\n\n\n<p class=\"wp-block-paragraph\">\u00abNos vemos en las calles, las esquinas y los barrios, en perfecta fusi\u00f3n popular-militar-policial\u00bb, invit\u00f3 el mandatario venezolano en un mensaje difundido a trav\u00e9s de la red social Telegram.<\/p>\n\n\n\n<p class=\"wp-block-paragraph\">\u00abEl 10 (de enero) juramos por Venezuela por la paz, la vida, la independencia y la soberan\u00eda, que es nuestra posici\u00f3n clara contra el intervencionismo extranjero imperialista y de la derecha extremista fascista\u00bb, agreg\u00f3.<\/p>\n\n\n\n<p class=\"wp-block-paragraph\">El mandatario venezolano asumir\u00e1 ante la Asamblea Nacional (Parlamento) su tercer mandato presidencial el pr\u00f3ximo 10 de enero, luego de ganar las elecciones el 28 de julio pasado.<\/p>\n\n\n\n<p class=\"wp-block-paragraph\">En tanto, la opositora Mar\u00eda Corina Machado llam\u00f3 tambi\u00e9n para el venidero 10 de enero a los venezolanos dentro y fuera del pa\u00eds, a movilizarse en las calles en contra de la toma de posesi\u00f3n presidencial de Maduro.<\/p>\n","protected":false},"excerpt":{"rendered":"<p>El presidente de Venezuela, Nicol\u00e1s Maduro, llam\u00f3 este domingo al pueblo venezolano a salir a las calles el pr\u00f3ximo 10 de enero, a respaldar su juramento para un tercer mandato presidencial (2025-2031). \u00abNos vemos en las calles, las esquinas y los barrios, en perfecta fusi\u00f3n popular-militar-policial\u00bb, invit\u00f3 el mandatario venezolano en un mensaje difundido a trav\u00e9s de la red social Telegram. \u00abEl 10 (de enero) juramos por Venezuela por la paz, la vida, la independencia y la soberan\u00eda, que es nuestra posici\u00f3n clara contra el intervencionismo extranjero imperialista y de&hellip;<\/p>\n","protected":false},"author":1,"featured_media":0,"comment_status":"closed","ping_status":"closed","sticky":false,"template":"","format":"standard","meta":{"footnotes":""},"categories":[4],"tags":[],"class_list":["post-12302","post","type-post","status-publish","format-standard","hentry","category-interes-general"],"rttpg_featured_image_url":null,"rttpg_author":{"display_name":"rober","author_link":"https:\/\/livingmultimediosde.net.ar\/INDEX\/author\/rober\/"},"rttpg_comment":0,"rttpg_category":"<a href=\"https:\/\/livingmultimediosde.net.ar\/INDEX\/category\/interes-general\/\" rel=\"category tag\">INTERES GENERAL<\/a>","rttpg_excerpt":"El presidente de Venezuela, Nicol\u00e1s Maduro, llam\u00f3 este domingo al pueblo venezolano a salir a las calles el pr\u00f3ximo 10 de enero, a respaldar su juramento para un tercer mandato presidencial (2025-2031). \u00abNos vemos en las calles, las esquinas y los barrios, en perfecta fusi\u00f3n popular-militar-policial\u00bb, invit\u00f3 el mandatario venezolano en un mensaje difundido a&hellip;","_links":{"self":[{"href":"https:\/\/livingmultimediosde.net.ar\/INDEX\/wp-json\/wp\/v2\/posts\/12302","targetHints":{"allow":["GET"]}}],"collection":[{"href":"https:\/\/livingmultimediosde.net.ar\/INDEX\/wp-json\/wp\/v2\/posts"}],"about":[{"href":"https:\/\/livingmultimediosde.net.ar\/INDEX\/wp-json\/wp\/v2\/types\/post"}],"author":[{"embeddable":true,"href":"https:\/\/livingmultimediosde.net.ar\/INDEX\/wp-json\/wp\/v2\/users\/1"}],"replies":[{"embeddable":true,"href":"https:\/\/livingmultimediosde.net.ar\/INDEX\/wp-json\/wp\/v2\/comments?post=12302"}],"version-history":[{"count":1,"href":"https:\/\/livingmultimediosde.net.ar\/INDEX\/wp-json\/wp\/v2\/posts\/12302\/revisions"}],"predecessor-version":[{"id":12304,"href":"https:\/\/livingmultimediosde.net.ar\/INDEX\/wp-json\/wp\/v2\/posts\/12302\/revisions\/12304"}],"wp:attachment":[{"href":"https:\/\/livingmultimediosde.net.ar\/INDEX\/wp-json\/wp\/v2\/media?parent=12302"}],"wp:term":[{"taxonomy":"category","embeddable":true,"href":"https:\/\/livingmultimediosde.net.ar\/INDEX\/wp-json\/wp\/v2\/categories?post=12302"},{"taxonomy":"post_tag","embeddable":true,"href":"https:\/\/livingmultimediosde.net.ar\/INDEX\/wp-json\/wp\/v2\/tags?post=12302"}],"curies":[{"name":"wp","href":"https:\/\/api.w.org\/{rel}","templated":true}]}}