{"id":12293,"date":"2025-01-06T03:49:58","date_gmt":"2025-01-06T03:49:58","guid":{"rendered":"https:\/\/livingmultimediosde.net.ar\/INDEX\/?p=12293"},"modified":"2025-01-06T03:50:01","modified_gmt":"2025-01-06T03:50:01","slug":"laura-alonso-respondio-a-daniel-scioli-la-educacion-es-prioridad-indiscutida","status":"publish","type":"post","link":"https:\/\/livingmultimediosde.net.ar\/INDEX\/2025\/01\/laura-alonso-respondio-a-daniel-scioli-la-educacion-es-prioridad-indiscutida\/","title":{"rendered":"Laura Alonso respondi\u00f3 a Daniel Scioli: \u00abLa educaci\u00f3n es prioridad indiscutida\u00bb"},"content":{"rendered":"\n<p class=\"wp-block-paragraph\">La vocera de la Ciudad, Laura Alonso respondi\u00f3 al secretario de Turismo, Daniel Scioli: \u201cla educaci\u00f3n es una prioridad indiscutida, el inicio de las clases no es negociable\u201d.<\/p>\n\n\n\n<p class=\"wp-block-paragraph\">\u00abLa particular propuesta del Secretario de Turismo de la Naci\u00f3n, Daniel Scioli me resulta \u00fatil para reforzar una vez m\u00e1s que para la Ciudad la educaci\u00f3n de los chicos siempre est\u00e1 primero\u201d, dijo Alonso en su cuenta de X.<\/p>\n\n\n\n<p class=\"wp-block-paragraph\">Adem\u00e1s confirm\u00f3, que las clases comenzar\u00e1n el pr\u00f3ximo 24 de febrero los niveles iniciales y primaria. El 5 de marzo lo har\u00e1 el nivel secundario.<\/p>\n\n\n\n<p class=\"wp-block-paragraph\">Finalmente, recalc\u00f3 que la inversi\u00f3n educativa prevista en la ley de presupuesto 2025 es el \u00e1rea de mayor participaci\u00f3n con el 20,1%.<\/p>\n","protected":false},"excerpt":{"rendered":"<p>La vocera de la Ciudad, Laura Alonso respondi\u00f3 al secretario de Turismo, Daniel Scioli: \u201cla educaci\u00f3n es una prioridad indiscutida, el inicio de las clases no es negociable\u201d. \u00abLa particular propuesta del Secretario de Turismo de la Naci\u00f3n, Daniel Scioli me resulta \u00fatil para reforzar una vez m\u00e1s que para la Ciudad la educaci\u00f3n de los chicos siempre est\u00e1 primero\u201d, dijo Alonso en su cuenta de X. Adem\u00e1s confirm\u00f3, que las clases comenzar\u00e1n el pr\u00f3ximo 24 de febrero los niveles iniciales y primaria. El 5 de marzo lo har\u00e1 el&hellip;<\/p>\n","protected":false},"author":1,"featured_media":0,"comment_status":"closed","ping_status":"closed","sticky":false,"template":"","format":"standard","meta":{"footnotes":""},"categories":[4],"tags":[],"class_list":["post-12293","post","type-post","status-publish","format-standard","hentry","category-interes-general"],"rttpg_featured_image_url":null,"rttpg_author":{"display_name":"rober","author_link":"https:\/\/livingmultimediosde.net.ar\/INDEX\/author\/rober\/"},"rttpg_comment":0,"rttpg_category":"<a href=\"https:\/\/livingmultimediosde.net.ar\/INDEX\/category\/interes-general\/\" rel=\"category tag\">INTERES GENERAL<\/a>","rttpg_excerpt":"La vocera de la Ciudad, Laura Alonso respondi\u00f3 al secretario de Turismo, Daniel Scioli: \u201cla educaci\u00f3n es una prioridad indiscutida, el inicio de las clases no es negociable\u201d. \u00abLa particular propuesta del Secretario de Turismo de la Naci\u00f3n, Daniel Scioli me resulta \u00fatil para reforzar una vez m\u00e1s que para la Ciudad la educaci\u00f3n de&hellip;","_links":{"self":[{"href":"https:\/\/livingmultimediosde.net.ar\/INDEX\/wp-json\/wp\/v2\/posts\/12293","targetHints":{"allow":["GET"]}}],"collection":[{"href":"https:\/\/livingmultimediosde.net.ar\/INDEX\/wp-json\/wp\/v2\/posts"}],"about":[{"href":"https:\/\/livingmultimediosde.net.ar\/INDEX\/wp-json\/wp\/v2\/types\/post"}],"author":[{"embeddable":true,"href":"https:\/\/livingmultimediosde.net.ar\/INDEX\/wp-json\/wp\/v2\/users\/1"}],"replies":[{"embeddable":true,"href":"https:\/\/livingmultimediosde.net.ar\/INDEX\/wp-json\/wp\/v2\/comments?post=12293"}],"version-history":[{"count":1,"href":"https:\/\/livingmultimediosde.net.ar\/INDEX\/wp-json\/wp\/v2\/posts\/12293\/revisions"}],"predecessor-version":[{"id":12295,"href":"https:\/\/livingmultimediosde.net.ar\/INDEX\/wp-json\/wp\/v2\/posts\/12293\/revisions\/12295"}],"wp:attachment":[{"href":"https:\/\/livingmultimediosde.net.ar\/INDEX\/wp-json\/wp\/v2\/media?parent=12293"}],"wp:term":[{"taxonomy":"category","embeddable":true,"href":"https:\/\/livingmultimediosde.net.ar\/INDEX\/wp-json\/wp\/v2\/categories?post=12293"},{"taxonomy":"post_tag","embeddable":true,"href":"https:\/\/livingmultimediosde.net.ar\/INDEX\/wp-json\/wp\/v2\/tags?post=12293"}],"curies":[{"name":"wp","href":"https:\/\/api.w.org\/{rel}","templated":true}]}}