{"id":12284,"date":"2025-01-04T03:03:44","date_gmt":"2025-01-04T03:03:44","guid":{"rendered":"https:\/\/livingmultimediosde.net.ar\/INDEX\/?p=12284"},"modified":"2025-01-04T03:03:46","modified_gmt":"2025-01-04T03:03:46","slug":"al-menos-6-muertos-y-25-heridos-deja-caida-de-autobus-a-un-rio-en-el-noroeste-de-peru","status":"publish","type":"post","link":"https:\/\/livingmultimediosde.net.ar\/INDEX\/2025\/01\/al-menos-6-muertos-y-25-heridos-deja-caida-de-autobus-a-un-rio-en-el-noroeste-de-peru\/","title":{"rendered":"Al menos 6 muertos y 25 heridos deja ca\u00edda de autob\u00fas a un r\u00edo en el noroeste de Per\u00fa"},"content":{"rendered":"\n<p class=\"wp-block-paragraph\">Al menos seis muertos, 25 heridos y 17 desaparecidos dej\u00f3 en Per\u00fa la ca\u00edda de un autob\u00fas interprovincial a un r\u00edo en la regi\u00f3n noroeste del pa\u00eds, inform\u00f3 la Direcci\u00f3n Regional de Salud.<\/p>\n\n\n\n<p class=\"wp-block-paragraph\">El autob\u00fas de pasajeros, perteneciente a la empresa \u00abExpress Conchucos\u00bb, sali\u00f3 a las 17 hora local del jueves desde la capital Lima rumbo a la localidad de Pomabamba, en el departamento de \u00c1ncash, de acuerdo con informes de la prensa local.<\/p>\n\n\n\n<p class=\"wp-block-paragraph\">El veh\u00edculo cay\u00f3 la ma\u00f1ana de este viernes al r\u00edo Pacosbamba, en el distrito de Piscobamba, provincia de Mariscal Luzuriaga, lo que gener\u00f3 que algunas personas salieran disparadas del mismo y fueran arrastradas por la fuerte corriente, por lo que las autoridades mantienen su b\u00fasqueda.<\/p>\n\n\n\n<p class=\"wp-block-paragraph\">Hasta el momento se desconocen las causas de este siniestro, pero versiones difundidas por el diario local \u00abLa Rep\u00fablica\u00bb apuntan que el hecho ocurri\u00f3 cuando el autob\u00fas recorr\u00eda la V\u00eda Longitudinal Conchucos y cay\u00f3 al r\u00edo.<\/p>\n\n\n\n<p class=\"wp-block-paragraph\">De acuerdo con los testimonios de los habitantes de la zona recogidos por la emisora Radio Programas del Per\u00fa, \u00abel accidente habr\u00eda ocurrido debido al deficiente estado de la v\u00eda\u00bb.<\/p>\n\n\n\n<p class=\"wp-block-paragraph\">Al lugar, considerado de dif\u00edcil acceso por los lugare\u00f1os, llegaron efectivos de la Polic\u00eda Nacional y un equipo de Defensa Civil de Pomabamba para apoyar en las labores de rescate.<\/p>\n","protected":false},"excerpt":{"rendered":"<p>Al menos seis muertos, 25 heridos y 17 desaparecidos dej\u00f3 en Per\u00fa la ca\u00edda de un autob\u00fas interprovincial a un r\u00edo en la regi\u00f3n noroeste del pa\u00eds, inform\u00f3 la Direcci\u00f3n Regional de Salud. El autob\u00fas de pasajeros, perteneciente a la empresa \u00abExpress Conchucos\u00bb, sali\u00f3 a las 17 hora local del jueves desde la capital Lima rumbo a la localidad de Pomabamba, en el departamento de \u00c1ncash, de acuerdo con informes de la prensa local. El veh\u00edculo cay\u00f3 la ma\u00f1ana de este viernes al r\u00edo Pacosbamba, en el distrito de Piscobamba,&hellip;<\/p>\n","protected":false},"author":1,"featured_media":0,"comment_status":"closed","ping_status":"closed","sticky":false,"template":"","format":"standard","meta":{"footnotes":""},"categories":[4],"tags":[],"class_list":["post-12284","post","type-post","status-publish","format-standard","hentry","category-interes-general"],"rttpg_featured_image_url":null,"rttpg_author":{"display_name":"rober","author_link":"https:\/\/livingmultimediosde.net.ar\/INDEX\/author\/rober\/"},"rttpg_comment":0,"rttpg_category":"<a href=\"https:\/\/livingmultimediosde.net.ar\/INDEX\/category\/interes-general\/\" rel=\"category tag\">INTERES GENERAL<\/a>","rttpg_excerpt":"Al menos seis muertos, 25 heridos y 17 desaparecidos dej\u00f3 en Per\u00fa la ca\u00edda de un autob\u00fas interprovincial a un r\u00edo en la regi\u00f3n noroeste del pa\u00eds, inform\u00f3 la Direcci\u00f3n Regional de Salud. El autob\u00fas de pasajeros, perteneciente a la empresa \u00abExpress Conchucos\u00bb, sali\u00f3 a las 17 hora local del jueves desde la capital Lima&hellip;","_links":{"self":[{"href":"https:\/\/livingmultimediosde.net.ar\/INDEX\/wp-json\/wp\/v2\/posts\/12284","targetHints":{"allow":["GET"]}}],"collection":[{"href":"https:\/\/livingmultimediosde.net.ar\/INDEX\/wp-json\/wp\/v2\/posts"}],"about":[{"href":"https:\/\/livingmultimediosde.net.ar\/INDEX\/wp-json\/wp\/v2\/types\/post"}],"author":[{"embeddable":true,"href":"https:\/\/livingmultimediosde.net.ar\/INDEX\/wp-json\/wp\/v2\/users\/1"}],"replies":[{"embeddable":true,"href":"https:\/\/livingmultimediosde.net.ar\/INDEX\/wp-json\/wp\/v2\/comments?post=12284"}],"version-history":[{"count":1,"href":"https:\/\/livingmultimediosde.net.ar\/INDEX\/wp-json\/wp\/v2\/posts\/12284\/revisions"}],"predecessor-version":[{"id":12286,"href":"https:\/\/livingmultimediosde.net.ar\/INDEX\/wp-json\/wp\/v2\/posts\/12284\/revisions\/12286"}],"wp:attachment":[{"href":"https:\/\/livingmultimediosde.net.ar\/INDEX\/wp-json\/wp\/v2\/media?parent=12284"}],"wp:term":[{"taxonomy":"category","embeddable":true,"href":"https:\/\/livingmultimediosde.net.ar\/INDEX\/wp-json\/wp\/v2\/categories?post=12284"},{"taxonomy":"post_tag","embeddable":true,"href":"https:\/\/livingmultimediosde.net.ar\/INDEX\/wp-json\/wp\/v2\/tags?post=12284"}],"curies":[{"name":"wp","href":"https:\/\/api.w.org\/{rel}","templated":true}]}}