{"id":12260,"date":"2025-01-03T01:35:43","date_gmt":"2025-01-03T01:35:43","guid":{"rendered":"https:\/\/livingmultimediosde.net.ar\/INDEX\/?p=12260"},"modified":"2025-01-03T01:35:46","modified_gmt":"2025-01-03T01:35:46","slug":"argentino-desaparecido-en-punta-del-este-la-prefectura-uruguaya-lo-dio-por-muerto","status":"publish","type":"post","link":"https:\/\/livingmultimediosde.net.ar\/INDEX\/2025\/01\/argentino-desaparecido-en-punta-del-este-la-prefectura-uruguaya-lo-dio-por-muerto\/","title":{"rendered":"Argentino desaparecido en Punta del Este: la Prefectura uruguaya lo dio por muerto"},"content":{"rendered":"\n<p class=\"wp-block-paragraph\">La Prefectura uruguaya dio por muerto a Franco Adri\u00e1n Toro, el argentino que desapareci\u00f3 en Punta del Este sobre la madrugada del 1 de enero.<\/p>\n\n\n\n<p class=\"wp-block-paragraph\">Seg\u00fan afirm\u00f3 la fuerza oriental, \u00abno hay esperanzas de encontrarlo con vida\u00bb.<\/p>\n\n\n\n<p class=\"wp-block-paragraph\">De esta manera, dieron por muerto al artista pl\u00e1stico a\u00fan sin haber hallado el cuerpo.<\/p>\n\n\n\n<p class=\"wp-block-paragraph\">En declaraciones a la prensa local, el prefecto de la ciudad balnearia, Sebasti\u00e1n Sorribas, sostuvo que el bahiense, quien es buscado desde la ma\u00f1ana del 1 de enero, falleci\u00f3.<\/p>\n\n\n\n<p class=\"wp-block-paragraph\">\u00abHoy se desplegaron aproximadamente la misma cantidad de medios que ayer. Dos lanchas, dos motos de agua, entre 12 y 15 personas caminando la costa\u00bb, consign\u00f3 Sorribas, mientras que agreg\u00f3 que \u00abhay dos corrientes fuertes\u00bb en una zona denominada \u00abCaldera\u00bb, a la que bajaron los<br>equipos de buzos donde qued\u00f3 la caldera de un buque hundido.<\/p>\n\n\n\n<p class=\"wp-block-paragraph\">En un video registrado por testigos se observa cuando Toro ingresa al mar para rescatar a una amiga que, junto con otras personas, se hab\u00edan metido y no lograban salir por las correntadas,<br>sumado a las rocas que se hallaban en la costa.<\/p>\n\n\n\n<p class=\"wp-block-paragraph\">Sin embargo, las tres personas lograron ser rescatadas por personal de Prefectura, pero Toro desapareci\u00f3, por lo que se realiz\u00f3 un operativo especial.<\/p>\n","protected":false},"excerpt":{"rendered":"<p>La Prefectura uruguaya dio por muerto a Franco Adri\u00e1n Toro, el argentino que desapareci\u00f3 en Punta del Este sobre la madrugada del 1 de enero. Seg\u00fan afirm\u00f3 la fuerza oriental, \u00abno hay esperanzas de encontrarlo con vida\u00bb. De esta manera, dieron por muerto al artista pl\u00e1stico a\u00fan sin haber hallado el cuerpo. En declaraciones a la prensa local, el prefecto de la ciudad balnearia, Sebasti\u00e1n Sorribas, sostuvo que el bahiense, quien es buscado desde la ma\u00f1ana del 1 de enero, falleci\u00f3. \u00abHoy se desplegaron aproximadamente la misma cantidad de medios&hellip;<\/p>\n","protected":false},"author":1,"featured_media":0,"comment_status":"closed","ping_status":"closed","sticky":false,"template":"","format":"standard","meta":{"footnotes":""},"categories":[4],"tags":[],"class_list":["post-12260","post","type-post","status-publish","format-standard","hentry","category-interes-general"],"rttpg_featured_image_url":null,"rttpg_author":{"display_name":"rober","author_link":"https:\/\/livingmultimediosde.net.ar\/INDEX\/author\/rober\/"},"rttpg_comment":0,"rttpg_category":"<a href=\"https:\/\/livingmultimediosde.net.ar\/INDEX\/category\/interes-general\/\" rel=\"category tag\">INTERES GENERAL<\/a>","rttpg_excerpt":"La Prefectura uruguaya dio por muerto a Franco Adri\u00e1n Toro, el argentino que desapareci\u00f3 en Punta del Este sobre la madrugada del 1 de enero. Seg\u00fan afirm\u00f3 la fuerza oriental, \u00abno hay esperanzas de encontrarlo con vida\u00bb. De esta manera, dieron por muerto al artista pl\u00e1stico a\u00fan sin haber hallado el cuerpo. En declaraciones a&hellip;","_links":{"self":[{"href":"https:\/\/livingmultimediosde.net.ar\/INDEX\/wp-json\/wp\/v2\/posts\/12260","targetHints":{"allow":["GET"]}}],"collection":[{"href":"https:\/\/livingmultimediosde.net.ar\/INDEX\/wp-json\/wp\/v2\/posts"}],"about":[{"href":"https:\/\/livingmultimediosde.net.ar\/INDEX\/wp-json\/wp\/v2\/types\/post"}],"author":[{"embeddable":true,"href":"https:\/\/livingmultimediosde.net.ar\/INDEX\/wp-json\/wp\/v2\/users\/1"}],"replies":[{"embeddable":true,"href":"https:\/\/livingmultimediosde.net.ar\/INDEX\/wp-json\/wp\/v2\/comments?post=12260"}],"version-history":[{"count":1,"href":"https:\/\/livingmultimediosde.net.ar\/INDEX\/wp-json\/wp\/v2\/posts\/12260\/revisions"}],"predecessor-version":[{"id":12262,"href":"https:\/\/livingmultimediosde.net.ar\/INDEX\/wp-json\/wp\/v2\/posts\/12260\/revisions\/12262"}],"wp:attachment":[{"href":"https:\/\/livingmultimediosde.net.ar\/INDEX\/wp-json\/wp\/v2\/media?parent=12260"}],"wp:term":[{"taxonomy":"category","embeddable":true,"href":"https:\/\/livingmultimediosde.net.ar\/INDEX\/wp-json\/wp\/v2\/categories?post=12260"},{"taxonomy":"post_tag","embeddable":true,"href":"https:\/\/livingmultimediosde.net.ar\/INDEX\/wp-json\/wp\/v2\/tags?post=12260"}],"curies":[{"name":"wp","href":"https:\/\/api.w.org\/{rel}","templated":true}]}}