{"id":12257,"date":"2025-01-03T01:33:31","date_gmt":"2025-01-03T01:33:31","guid":{"rendered":"https:\/\/livingmultimediosde.net.ar\/INDEX\/?p=12257"},"modified":"2025-01-03T01:33:34","modified_gmt":"2025-01-03T01:33:34","slug":"biden-aseguro-que-el-atropello-masivo-de-nueva-orleans-estuvo-inspirado-en-isis","status":"publish","type":"post","link":"https:\/\/livingmultimediosde.net.ar\/INDEX\/2025\/01\/biden-aseguro-que-el-atropello-masivo-de-nueva-orleans-estuvo-inspirado-en-isis\/","title":{"rendered":"Biden asegur\u00f3 que el atropello masivo de Nueva Orleans estuvo \u00abinspirado\u00bb en ISIS"},"content":{"rendered":"\n<p class=\"wp-block-paragraph\">El presidente de los Estados Unidos, Joe Biden, asegur\u00f3 hoy que el ataque de Nueva Orleans, en el que un hombre atropell\u00f3 a un grupo de personas y dej\u00f3 15 muertos, estuvo \u00abinspirado\u00bb en el Estado Isl\u00e1mico (ISIS).<\/p>\n\n\n\n<p class=\"wp-block-paragraph\">El mandatario norteamericano se refiri\u00f3 al incidente ocurrido este mi\u00e9rcoles, cuando un hombre identificado como Shamsud-Din Jabbar atropell\u00f3 con una camioneta a una multitud que festejaba el A\u00f1o Nuevo en Nueva Orleans en el estado de Luisiana.<\/p>\n\n\n\n<p class=\"wp-block-paragraph\">\u00abEl FBI est\u00e1 dirigiendo la investigaci\u00f3n para determinar qu\u00e9 ocurri\u00f3, por qu\u00e9 ocurri\u00f3 y si hay alguna amenaza continuada para la seguridad p\u00fablica\u00bb, sostuvo Biden.<\/p>\n\n\n\n<p class=\"wp-block-paragraph\">Y relat\u00f3: \u00abEsto es lo que sabemos hasta ahora, el FBI me ha informado de que el asesino era un ciudadano estadounidense, nacido en Texas. Sirvi\u00f3 en el Ej\u00e9rcito de los Estados Unidos en servicio activo durante muchos a\u00f1os. Tambi\u00e9n sirvi\u00f3 en la reserva del Ej\u00e9rcito hasta hace unos a\u00f1os\u00bb.<\/p>\n\n\n\n<p class=\"wp-block-paragraph\">\u00abEl FBI tambi\u00e9n me inform\u00f3 de que pocas horas antes del ataque, public\u00f3 videos en las redes sociales indicando que estaba inspirado por el ISIS y expresando el deseo de matar\u00bb, enfatiz\u00f3 Biden en una declaraci\u00f3n a la prensa en la que no permiti\u00f3 preguntas.<\/p>\n\n\n\n<p class=\"wp-block-paragraph\">Si bien no asegur\u00f3 que el ataque fue perge\u00f1ado por el Estado Isl\u00e1mico, s\u00ed se\u00f1al\u00f3 que dentro del veh\u00edculo con el que atropell\u00f3 a los transe\u00fantes se hall\u00f3 una bandera del ISIS.<\/p>\n\n\n\n<p class=\"wp-block-paragraph\">\u00abTambi\u00e9n se encontraron explosivos en el veh\u00edculo, y m\u00e1s explosivos cerca. La situaci\u00f3n es muy fluida, y la investigaci\u00f3n est\u00e1 en una etapa preliminar. La comunidad de inteligencia y de aplicaci\u00f3n de la ley seguir\u00e1 buscando cualquier conexi\u00f3n, las asociaciones con co-conspiradores. No tenemos nada adicional que informar en este momento. La investigaci\u00f3n sigue activa, y nadie debe sacar conclusiones precipitadas\u00bb, indic\u00f3 el presidente de los Estados Unidos.<\/p>\n\n\n\n<p class=\"wp-block-paragraph\">En tanto, Biden se refiri\u00f3 tambi\u00e9n a otro sonoro hecho de las \u00faltimas horas: la explosi\u00f3n de un auto Tesla frente a un hotel en una torre Trump Las Vegas con un hombre dentro.<\/p>\n\n\n\n<p class=\"wp-block-paragraph\">\u00abAdem\u00e1s, estamos siguiendo la explosi\u00f3n de un Cybertruck frente al Hotel Trump de Las Vegas. Las fuerzas del orden y la comunidad de inteligencia est\u00e1n investigando esto tambi\u00e9n, incluyendo si hay alguna posible conexi\u00f3n con el ataque en Nueva Orleans. Hasta ahora, no hay nada que informar al respecto\u00bb, agreg\u00f3.<\/p>\n","protected":false},"excerpt":{"rendered":"<p>El presidente de los Estados Unidos, Joe Biden, asegur\u00f3 hoy que el ataque de Nueva Orleans, en el que un hombre atropell\u00f3 a un grupo de personas y dej\u00f3 15 muertos, estuvo \u00abinspirado\u00bb en el Estado Isl\u00e1mico (ISIS). El mandatario norteamericano se refiri\u00f3 al incidente ocurrido este mi\u00e9rcoles, cuando un hombre identificado como Shamsud-Din Jabbar atropell\u00f3 con una camioneta a una multitud que festejaba el A\u00f1o Nuevo en Nueva Orleans en el estado de Luisiana. \u00abEl FBI est\u00e1 dirigiendo la investigaci\u00f3n para determinar qu\u00e9 ocurri\u00f3, por qu\u00e9 ocurri\u00f3 y si&hellip;<\/p>\n","protected":false},"author":1,"featured_media":0,"comment_status":"closed","ping_status":"closed","sticky":false,"template":"","format":"standard","meta":{"footnotes":""},"categories":[4],"tags":[],"class_list":["post-12257","post","type-post","status-publish","format-standard","hentry","category-interes-general"],"rttpg_featured_image_url":null,"rttpg_author":{"display_name":"rober","author_link":"https:\/\/livingmultimediosde.net.ar\/INDEX\/author\/rober\/"},"rttpg_comment":0,"rttpg_category":"<a href=\"https:\/\/livingmultimediosde.net.ar\/INDEX\/category\/interes-general\/\" rel=\"category tag\">INTERES GENERAL<\/a>","rttpg_excerpt":"El presidente de los Estados Unidos, Joe Biden, asegur\u00f3 hoy que el ataque de Nueva Orleans, en el que un hombre atropell\u00f3 a un grupo de personas y dej\u00f3 15 muertos, estuvo \u00abinspirado\u00bb en el Estado Isl\u00e1mico (ISIS). El mandatario norteamericano se refiri\u00f3 al incidente ocurrido este mi\u00e9rcoles, cuando un hombre identificado como Shamsud-Din Jabbar&hellip;","_links":{"self":[{"href":"https:\/\/livingmultimediosde.net.ar\/INDEX\/wp-json\/wp\/v2\/posts\/12257","targetHints":{"allow":["GET"]}}],"collection":[{"href":"https:\/\/livingmultimediosde.net.ar\/INDEX\/wp-json\/wp\/v2\/posts"}],"about":[{"href":"https:\/\/livingmultimediosde.net.ar\/INDEX\/wp-json\/wp\/v2\/types\/post"}],"author":[{"embeddable":true,"href":"https:\/\/livingmultimediosde.net.ar\/INDEX\/wp-json\/wp\/v2\/users\/1"}],"replies":[{"embeddable":true,"href":"https:\/\/livingmultimediosde.net.ar\/INDEX\/wp-json\/wp\/v2\/comments?post=12257"}],"version-history":[{"count":1,"href":"https:\/\/livingmultimediosde.net.ar\/INDEX\/wp-json\/wp\/v2\/posts\/12257\/revisions"}],"predecessor-version":[{"id":12259,"href":"https:\/\/livingmultimediosde.net.ar\/INDEX\/wp-json\/wp\/v2\/posts\/12257\/revisions\/12259"}],"wp:attachment":[{"href":"https:\/\/livingmultimediosde.net.ar\/INDEX\/wp-json\/wp\/v2\/media?parent=12257"}],"wp:term":[{"taxonomy":"category","embeddable":true,"href":"https:\/\/livingmultimediosde.net.ar\/INDEX\/wp-json\/wp\/v2\/categories?post=12257"},{"taxonomy":"post_tag","embeddable":true,"href":"https:\/\/livingmultimediosde.net.ar\/INDEX\/wp-json\/wp\/v2\/tags?post=12257"}],"curies":[{"name":"wp","href":"https:\/\/api.w.org\/{rel}","templated":true}]}}