{"id":12245,"date":"2025-01-03T01:16:42","date_gmt":"2025-01-03T01:16:42","guid":{"rendered":"https:\/\/livingmultimediosde.net.ar\/INDEX\/?p=12245"},"modified":"2025-01-03T01:16:45","modified_gmt":"2025-01-03T01:16:45","slug":"el-gobierno-de-la-provincia-prorrogo-el-presupuesto-la-emergencia-y-la-contencion-del-gasto-publico","status":"publish","type":"post","link":"https:\/\/livingmultimediosde.net.ar\/INDEX\/2025\/01\/el-gobierno-de-la-provincia-prorrogo-el-presupuesto-la-emergencia-y-la-contencion-del-gasto-publico\/","title":{"rendered":"El Gobierno de la Provincia prorrog\u00f3 el Presupuesto, la Emergencia y la Contenci\u00f3n del Gasto P\u00fablico"},"content":{"rendered":"\n<p class=\"wp-block-paragraph\">En resguardo de las arcas p\u00fablicas de la provincia y ante la pr\u00f3rroga del presupuesto general de la administraci\u00f3n nacional correspondiente al ejercicio 2023 para el ejercicio 2025 por parte del gobierno de la Naci\u00f3n; con fecha 30 de diciembre de 2024, el gobierno de la provincia emiti\u00f3 un decreto a trav\u00e9s del que prorroga el presupuesto de la administraci\u00f3n, as\u00ed como la emergencia econ\u00f3mica y la contenci\u00f3n del gasto p\u00fablico. En los siguientes t\u00e9rminos:<\/p>\n\n\n\n<p class=\"wp-block-paragraph\">VISTO:<br>El Decreto N.\u00ba 1131\/2024 del Poder Ejecutivo Nacional que establece la pr\u00f3rroga del Presupuesto General de la Administraci\u00f3n Nacional para el Ejercicio 2024, el Decreto N.\u00ba 88\/2023 que prorrog\u00f3 el Presupuesto General de la Administraci\u00f3n Nacional para el Ejercicio 2023.<\/p>\n\n\n\n<p class=\"wp-block-paragraph\">CONSIDERANDO:<\/p>\n\n\n\n<p class=\"wp-block-paragraph\">Que el Poder Ejecutivo Nacional, a trav\u00e9s del decreto mencionado en el visto, ha decidido prorrogar la vigencia del Presupuesto General de la Administraci\u00f3n Nacional correspondiente al Ejercicio 2023 para el Ejercicio 2025, estableciendo una nueva reconducci\u00f3n presupuestaria.<\/p>\n\n\n\n<p class=\"wp-block-paragraph\">Que esta decisi\u00f3n del Gobierno Nacional genera la necesidad de que en nuestra jurisdicci\u00f3n se implementen las medidas legales y administrativas pertinentes para garantizar el normal funcionamiento del Estado Provincial, asegurando la continuidad y eficiencia de los servicios esenciales a cargo de las diferentes jurisdicciones del Gobierno Provincial y de las entidades centralizadas y descentralizadas de la Administraci\u00f3n P\u00fablica.<\/p>\n\n\n\n<p class=\"wp-block-paragraph\">Que, en consecuencia, el marco legal aplicable en la provincia se encuentra definido por la Ley N.\u00ba 7.363 de Presupuesto General de la Administraci\u00f3n P\u00fablica Provincial para el Ejercicio 2023, el Decreto N.\u00ba 2928\/2023 y la Ley N.\u00ba 6.933 de Administraci\u00f3n Financiera y Control Interno del Sector P\u00fablico Provincial, entre otros instrumentos normativos.<\/p>\n\n\n\n<p class=\"wp-block-paragraph\">Que el Art\u00edculo 23 de la Ley N.\u00ba 6.933 establece que, en ausencia de un presupuesto aprobado al inicio de un ejercicio financiero, regir\u00e1 el presupuesto vigente al cierre del ejercicio anterior, permitiendo as\u00ed la operatividad del Estado provincial bajo estas circunstancias.<\/p>\n\n\n\n<p class=\"wp-block-paragraph\">Que las leyes de presupuesto constituyen los principales lineamientos de la planificaci\u00f3n econ\u00f3mica y financiera anual del Estado provincial, disponiendo los recursos necesarios para la ejecuci\u00f3n de las pol\u00edticas p\u00fablicas definidas en el Plan de Gobierno.<\/p>\n\n\n\n<p class=\"wp-block-paragraph\">Que, ante las implicancias de la pr\u00f3rroga del presupuesto nacional, resulta imperativo en la provincia adoptar medidas que salvaguarden el equilibrio fiscal, financiero y econ\u00f3mico, con el objetivo de enfrentar un contexto econ\u00f3mico de alta inestabilidad y ca\u00edda de ingresos reales.<\/p>\n\n\n\n<p class=\"wp-block-paragraph\">Que estas medidas excepcionales de contenci\u00f3n y eficiencia en el gasto p\u00fablico han permitido garantizar la estabilidad en la prestaci\u00f3n de los servicios esenciales del Estado provincial y proteger el inter\u00e9s general de la sociedad.<\/p>\n\n\n\n<p class=\"wp-block-paragraph\">Que el Proyecto de Ley de Presupuesto de la Administraci\u00f3n P\u00fablica Provincial para el Ejercicio 2025 fue elevado a la Honorable C\u00e1mara de Diputados conforme lo establece el Art\u00edculo 160, inciso 8, de la Constituci\u00f3n Provincial, y a la fecha no ha sido aprobado.<\/p>\n\n\n\n<p class=\"wp-block-paragraph\">Que, por lo tanto, resulta necesario aplicar lo dispuesto en el Art\u00edculo 23 de la Ley N.\u00ba 6.933 y disponer la pr\u00f3rroga del Presupuesto General de la Administraci\u00f3n P\u00fablica Provincial para el Ejercicio 2023, junto con sus normas modificatorias y complementarias, para garantizar la continuidad de la gesti\u00f3n provincial hasta<\/p>\n\n\n\n<p class=\"wp-block-paragraph\">la sanci\u00f3n del presupuesto correspondiente al ejercicio 2025.<\/p>\n\n\n\n<p class=\"wp-block-paragraph\">Por ello,<\/p>\n\n\n\n<p class=\"wp-block-paragraph\">EL SE\u00d1OR GOBERNADOR DE LA PROVINCIA<\/p>\n\n\n\n<p class=\"wp-block-paragraph\">DECRETA:<\/p>\n\n\n\n<p class=\"wp-block-paragraph\">ART\u00cdCULO 1\u00ba.- A partir del 1\u00ba de enero de 2025 rigen, en virtud del art\u00edculo 23\u00ba de la Ley de Administraci\u00f3n Financiera y Control Interno del sector p\u00fablico provincial N\u00ba 6.933, las disposiciones de la Ley N\u00ba 7.363 de Presupuesto General de la Administraci\u00f3n P\u00fablica Provincial para el ejercicio 2023, sus normas modificatorias y complementarias, vigente conforme al citado art\u00edculo 23, en los t\u00e9rminos del Decreto N\u00ba 2928 del 28 de diciembre del 2023.<\/p>\n\n\n\n<p class=\"wp-block-paragraph\">ART\u00cdCULO 2\u00b0.- Prorrogase hasta el 30 de junio de 2025, lo dispuesto en todas sus partes, por el Decreto Acuerdo N\u00b0 2.853 de diciembre de 2023, ratificado por Ley N\u00b0 7.377.<\/p>\n\n\n\n<p class=\"wp-block-paragraph\">ART\u00cdCULO 3\u00b0.- Prorroganse, a partir del 01 de enero de 2025, lo dispuesto, en todas sus partes, las medidas de contenci\u00f3n del gasto p\u00fablico y de control administrativo que deber\u00e1n ser observadas por todas las jurisdicciones ministeriales, como as\u00ed tambi\u00e9n los organismos y entes aut\u00e1rquicos y\/o descentralizados<\/p>\n\n\n\n<p class=\"wp-block-paragraph\">dispuestas en los Decretos 12-2023 y 3012-2023.<\/p>\n\n\n\n<p class=\"wp-block-paragraph\">ART\u00cdCULO 4\u00ba Fac\u00faltase al Ministerio de Econom\u00eda para arbitrar los medios necesarios para la implementaci\u00f3n del presente Decreto.<\/p>\n\n\n\n<p class=\"wp-block-paragraph\">ART\u00cdCULO 5\u00ba. Autorizase al Ministerio de Econom\u00eda, a trav\u00e9s de la Contadur\u00eda General de la Provincia, a efectuar los ajustes que resulten necesarios para la prosecuci\u00f3n de las pol\u00edticas p\u00fablicas y salvaguardar la actividad del Estado Provincial.<\/p>\n\n\n\n<p class=\"wp-block-paragraph\">ART\u00cdCULO 6.\u00ba- Comun\u00edquese, publ\u00edquese, d\u00e9se al Bolet\u00edn Oficial y arch\u00edvese.<\/p>\n","protected":false},"excerpt":{"rendered":"<p>En resguardo de las arcas p\u00fablicas de la provincia y ante la pr\u00f3rroga del presupuesto general de la administraci\u00f3n nacional correspondiente al ejercicio 2023 para el ejercicio 2025 por parte del gobierno de la Naci\u00f3n; con fecha 30 de diciembre de 2024, el gobierno de la provincia emiti\u00f3 un decreto a trav\u00e9s del que prorroga el presupuesto de la administraci\u00f3n, as\u00ed como la emergencia econ\u00f3mica y la contenci\u00f3n del gasto p\u00fablico. En los siguientes t\u00e9rminos: VISTO:El Decreto N.\u00ba 1131\/2024 del Poder Ejecutivo Nacional que establece la pr\u00f3rroga del Presupuesto General&hellip;<\/p>\n","protected":false},"author":1,"featured_media":0,"comment_status":"closed","ping_status":"closed","sticky":false,"template":"","format":"standard","meta":{"footnotes":""},"categories":[9],"tags":[],"class_list":["post-12245","post","type-post","status-publish","format-standard","hentry","category-noticias"],"rttpg_featured_image_url":null,"rttpg_author":{"display_name":"rober","author_link":"https:\/\/livingmultimediosde.net.ar\/INDEX\/author\/rober\/"},"rttpg_comment":0,"rttpg_category":"<a href=\"https:\/\/livingmultimediosde.net.ar\/INDEX\/category\/noticias\/\" rel=\"category tag\">NOTICIAS<\/a>","rttpg_excerpt":"En resguardo de las arcas p\u00fablicas de la provincia y ante la pr\u00f3rroga del presupuesto general de la administraci\u00f3n nacional correspondiente al ejercicio 2023 para el ejercicio 2025 por parte del gobierno de la Naci\u00f3n; con fecha 30 de diciembre de 2024, el gobierno de la provincia emiti\u00f3 un decreto a trav\u00e9s del que prorroga&hellip;","_links":{"self":[{"href":"https:\/\/livingmultimediosde.net.ar\/INDEX\/wp-json\/wp\/v2\/posts\/12245","targetHints":{"allow":["GET"]}}],"collection":[{"href":"https:\/\/livingmultimediosde.net.ar\/INDEX\/wp-json\/wp\/v2\/posts"}],"about":[{"href":"https:\/\/livingmultimediosde.net.ar\/INDEX\/wp-json\/wp\/v2\/types\/post"}],"author":[{"embeddable":true,"href":"https:\/\/livingmultimediosde.net.ar\/INDEX\/wp-json\/wp\/v2\/users\/1"}],"replies":[{"embeddable":true,"href":"https:\/\/livingmultimediosde.net.ar\/INDEX\/wp-json\/wp\/v2\/comments?post=12245"}],"version-history":[{"count":1,"href":"https:\/\/livingmultimediosde.net.ar\/INDEX\/wp-json\/wp\/v2\/posts\/12245\/revisions"}],"predecessor-version":[{"id":12247,"href":"https:\/\/livingmultimediosde.net.ar\/INDEX\/wp-json\/wp\/v2\/posts\/12245\/revisions\/12247"}],"wp:attachment":[{"href":"https:\/\/livingmultimediosde.net.ar\/INDEX\/wp-json\/wp\/v2\/media?parent=12245"}],"wp:term":[{"taxonomy":"category","embeddable":true,"href":"https:\/\/livingmultimediosde.net.ar\/INDEX\/wp-json\/wp\/v2\/categories?post=12245"},{"taxonomy":"post_tag","embeddable":true,"href":"https:\/\/livingmultimediosde.net.ar\/INDEX\/wp-json\/wp\/v2\/tags?post=12245"}],"curies":[{"name":"wp","href":"https:\/\/api.w.org\/{rel}","templated":true}]}}