{"id":12237,"date":"2024-12-30T18:16:26","date_gmt":"2024-12-30T18:16:26","guid":{"rendered":"https:\/\/livingmultimediosde.net.ar\/INDEX\/?p=12237"},"modified":"2024-12-30T18:16:30","modified_gmt":"2024-12-30T18:16:30","slug":"el-ministerio-de-economia-firmo-un-convenio-con-la-municipalidad-de-las-termas","status":"publish","type":"post","link":"https:\/\/livingmultimediosde.net.ar\/INDEX\/2024\/12\/el-ministerio-de-economia-firmo-un-convenio-con-la-municipalidad-de-las-termas\/","title":{"rendered":"EL MINISTERIO DE ECONOM\u00cdA FIRM\u00d3 UN CONVENIO CON LA MUNICIPALIDAD DE LAS TERMAS"},"content":{"rendered":"\n<p class=\"wp-block-paragraph\">Con el objetivo de optimizar el uso del Sistema de Informaci\u00f3n Geogr\u00e1fica (SIG) como una herramienta para una mejor planificaci\u00f3n en la ejecuci\u00f3n de programas y proyectos, el Ministerio de Econom\u00eda de la provincia, a trav\u00e9s de la Direcci\u00f3n General de Estad\u00edsticas y Censos, firm\u00f3 este lunes un convenio de cooperaci\u00f3n con la Municipalidad de Las Termas de R\u00edo Hondo.<br>El acto se desarroll\u00f3 en la sede del Ministerio de Econom\u00eda, donde participaron el titular de esta cartera, Atilio Chara; el intendente de Las Termas, Jorge Mukdise; el director general de Estad\u00edsticas y Censos de la provincia, Federico Scrimini, y Luis Paiola, responsable del SIG.<br>Este convenio permitir\u00e1 el fortalecimiento de lazos interinstitucionales para mejorar la prestaci\u00f3n de servicios a los vecinos; aprovechar los recursos de ambas instituciones y articular acciones para el dise\u00f1o de instrumentos que favorezcan la toma de decisiones en beneficio de la comunidad.<br>En este marco, el ministro de Econom\u00eda resalt\u00f3 que este acuerdo \u201cservir\u00e1 a la municipalidad para tomar decisiones, tanto en materia econ\u00f3mica como social, para el crecimiento y bienestar de toda la poblaci\u00f3n de Las Termas de R\u00edo Hondo\u201d.<br>A su turno, el intendente Mukdise agradeci\u00f3 por poner a disposici\u00f3n estas herramientas y record\u00f3 como dato importante que \u201chace un par de semanas la Legislatura aprob\u00f3 la ampliaci\u00f3n del ejido de nuestro municipio que tiene una tasa de crecimiento importante gracias al desarrollo de la actividad y a la inversi\u00f3n p\u00fablica que ha realizado la provincia, y en este crecimiento tambi\u00e9n es importante contar con informaci\u00f3n para que sea sostenido, ordenado y en beneficio de todos los terme\u00f1os\u201d.<\/p>\n","protected":false},"excerpt":{"rendered":"<p>Con el objetivo de optimizar el uso del Sistema de Informaci\u00f3n Geogr\u00e1fica (SIG) como una herramienta para una mejor planificaci\u00f3n en la ejecuci\u00f3n de programas y proyectos, el Ministerio de Econom\u00eda de la provincia, a trav\u00e9s de la Direcci\u00f3n General de Estad\u00edsticas y Censos, firm\u00f3 este lunes un convenio de cooperaci\u00f3n con la Municipalidad de Las Termas de R\u00edo Hondo.El acto se desarroll\u00f3 en la sede del Ministerio de Econom\u00eda, donde participaron el titular de esta cartera, Atilio Chara; el intendente de Las Termas, Jorge Mukdise; el director general de&hellip;<\/p>\n","protected":false},"author":1,"featured_media":0,"comment_status":"closed","ping_status":"closed","sticky":false,"template":"","format":"standard","meta":{"footnotes":""},"categories":[9],"tags":[],"class_list":["post-12237","post","type-post","status-publish","format-standard","hentry","category-noticias"],"rttpg_featured_image_url":null,"rttpg_author":{"display_name":"rober","author_link":"https:\/\/livingmultimediosde.net.ar\/INDEX\/author\/rober\/"},"rttpg_comment":0,"rttpg_category":"<a href=\"https:\/\/livingmultimediosde.net.ar\/INDEX\/category\/noticias\/\" rel=\"category tag\">NOTICIAS<\/a>","rttpg_excerpt":"Con el objetivo de optimizar el uso del Sistema de Informaci\u00f3n Geogr\u00e1fica (SIG) como una herramienta para una mejor planificaci\u00f3n en la ejecuci\u00f3n de programas y proyectos, el Ministerio de Econom\u00eda de la provincia, a trav\u00e9s de la Direcci\u00f3n General de Estad\u00edsticas y Censos, firm\u00f3 este lunes un convenio de cooperaci\u00f3n con la Municipalidad de&hellip;","_links":{"self":[{"href":"https:\/\/livingmultimediosde.net.ar\/INDEX\/wp-json\/wp\/v2\/posts\/12237","targetHints":{"allow":["GET"]}}],"collection":[{"href":"https:\/\/livingmultimediosde.net.ar\/INDEX\/wp-json\/wp\/v2\/posts"}],"about":[{"href":"https:\/\/livingmultimediosde.net.ar\/INDEX\/wp-json\/wp\/v2\/types\/post"}],"author":[{"embeddable":true,"href":"https:\/\/livingmultimediosde.net.ar\/INDEX\/wp-json\/wp\/v2\/users\/1"}],"replies":[{"embeddable":true,"href":"https:\/\/livingmultimediosde.net.ar\/INDEX\/wp-json\/wp\/v2\/comments?post=12237"}],"version-history":[{"count":1,"href":"https:\/\/livingmultimediosde.net.ar\/INDEX\/wp-json\/wp\/v2\/posts\/12237\/revisions"}],"predecessor-version":[{"id":12239,"href":"https:\/\/livingmultimediosde.net.ar\/INDEX\/wp-json\/wp\/v2\/posts\/12237\/revisions\/12239"}],"wp:attachment":[{"href":"https:\/\/livingmultimediosde.net.ar\/INDEX\/wp-json\/wp\/v2\/media?parent=12237"}],"wp:term":[{"taxonomy":"category","embeddable":true,"href":"https:\/\/livingmultimediosde.net.ar\/INDEX\/wp-json\/wp\/v2\/categories?post=12237"},{"taxonomy":"post_tag","embeddable":true,"href":"https:\/\/livingmultimediosde.net.ar\/INDEX\/wp-json\/wp\/v2\/tags?post=12237"}],"curies":[{"name":"wp","href":"https:\/\/api.w.org\/{rel}","templated":true}]}}