{"id":12235,"date":"2024-12-30T18:12:13","date_gmt":"2024-12-30T18:12:13","guid":{"rendered":"https:\/\/livingmultimediosde.net.ar\/INDEX\/?p=12235"},"modified":"2024-12-30T18:12:21","modified_gmt":"2024-12-30T18:12:21","slug":"pago-de-la-tercera-cuota-del-bono-para-empleados-provinciales","status":"publish","type":"post","link":"https:\/\/livingmultimediosde.net.ar\/INDEX\/2024\/12\/pago-de-la-tercera-cuota-del-bono-para-empleados-provinciales\/","title":{"rendered":"PAGO DE LA TERCERA CUOTA DEL BONO PARA EMPLEADOS PROVINCIALES"},"content":{"rendered":"\n<p class=\"wp-block-paragraph\">El Ministerio de Econom\u00eda de la provincia informa que el pr\u00f3ximo viernes 3 de enero se har\u00e1 efectivo el pago de la tercera y \u00faltima cuota del bono extraordinario para todos los trabajadores de la administraci\u00f3n p\u00fablica de Santiago del Estero.<br>De esta manera se cumple con el compromiso asumido por el gobernador Gerardo Zamora, con el pago de un total de $ 1.300.000 (en 3 cuotas), en acuerdo con los miembros de la Mesa de Di\u00e1logo y Trabajo.<\/p>\n","protected":false},"excerpt":{"rendered":"<p>El Ministerio de Econom\u00eda de la provincia informa que el pr\u00f3ximo viernes 3 de enero se har\u00e1 efectivo el pago de la tercera y \u00faltima cuota del bono extraordinario para todos los trabajadores de la administraci\u00f3n p\u00fablica de Santiago del Estero.De esta manera se cumple con el compromiso asumido por el gobernador Gerardo Zamora, con el pago de un total de $ 1.300.000 (en 3 cuotas), en acuerdo con los miembros de la Mesa de Di\u00e1logo y Trabajo.<\/p>\n","protected":false},"author":1,"featured_media":0,"comment_status":"closed","ping_status":"closed","sticky":false,"template":"","format":"standard","meta":{"footnotes":""},"categories":[9],"tags":[],"class_list":["post-12235","post","type-post","status-publish","format-standard","hentry","category-noticias"],"rttpg_featured_image_url":null,"rttpg_author":{"display_name":"rober","author_link":"https:\/\/livingmultimediosde.net.ar\/INDEX\/author\/rober\/"},"rttpg_comment":0,"rttpg_category":"<a href=\"https:\/\/livingmultimediosde.net.ar\/INDEX\/category\/noticias\/\" rel=\"category tag\">NOTICIAS<\/a>","rttpg_excerpt":"El Ministerio de Econom\u00eda de la provincia informa que el pr\u00f3ximo viernes 3 de enero se har\u00e1 efectivo el pago de la tercera y \u00faltima cuota del bono extraordinario para todos los trabajadores de la administraci\u00f3n p\u00fablica de Santiago del Estero.De esta manera se cumple con el compromiso asumido por el gobernador Gerardo Zamora, con&hellip;","_links":{"self":[{"href":"https:\/\/livingmultimediosde.net.ar\/INDEX\/wp-json\/wp\/v2\/posts\/12235","targetHints":{"allow":["GET"]}}],"collection":[{"href":"https:\/\/livingmultimediosde.net.ar\/INDEX\/wp-json\/wp\/v2\/posts"}],"about":[{"href":"https:\/\/livingmultimediosde.net.ar\/INDEX\/wp-json\/wp\/v2\/types\/post"}],"author":[{"embeddable":true,"href":"https:\/\/livingmultimediosde.net.ar\/INDEX\/wp-json\/wp\/v2\/users\/1"}],"replies":[{"embeddable":true,"href":"https:\/\/livingmultimediosde.net.ar\/INDEX\/wp-json\/wp\/v2\/comments?post=12235"}],"version-history":[{"count":1,"href":"https:\/\/livingmultimediosde.net.ar\/INDEX\/wp-json\/wp\/v2\/posts\/12235\/revisions"}],"predecessor-version":[{"id":12236,"href":"https:\/\/livingmultimediosde.net.ar\/INDEX\/wp-json\/wp\/v2\/posts\/12235\/revisions\/12236"}],"wp:attachment":[{"href":"https:\/\/livingmultimediosde.net.ar\/INDEX\/wp-json\/wp\/v2\/media?parent=12235"}],"wp:term":[{"taxonomy":"category","embeddable":true,"href":"https:\/\/livingmultimediosde.net.ar\/INDEX\/wp-json\/wp\/v2\/categories?post=12235"},{"taxonomy":"post_tag","embeddable":true,"href":"https:\/\/livingmultimediosde.net.ar\/INDEX\/wp-json\/wp\/v2\/tags?post=12235"}],"curies":[{"name":"wp","href":"https:\/\/api.w.org\/{rel}","templated":true}]}}