{"id":12229,"date":"2024-12-30T14:10:08","date_gmt":"2024-12-30T14:10:08","guid":{"rendered":"https:\/\/livingmultimediosde.net.ar\/INDEX\/?p=12229"},"modified":"2024-12-30T14:10:11","modified_gmt":"2024-12-30T14:10:11","slug":"china-condena-a-un-adolescente-a-cadena-perpetua-por-asesinar-a-un-companero-de-clase","status":"publish","type":"post","link":"https:\/\/livingmultimediosde.net.ar\/INDEX\/2024\/12\/china-condena-a-un-adolescente-a-cadena-perpetua-por-asesinar-a-un-companero-de-clase\/","title":{"rendered":"China condena a un adolescente a cadena perpetua por asesinar a un compa\u00f1ero de clase"},"content":{"rendered":"\n<p class=\"wp-block-paragraph\">Un tribunal chino conden\u00f3 este lunes a un adolescente de 13 a\u00f1os a cadena perpetua y a otro a 12 a\u00f1os de prisi\u00f3n por haber matado a su compa\u00f1ero de clase, de 13 a\u00f1os.<\/p>\n\n\n\n<p class=\"wp-block-paragraph\">De apellidos Zhang y Li, ambos fueron sentenciados por el asesinato. En marzo de 2024, perpetraron el crimen y luego enterraron el cuerpo de la v\u00edctima, cuando tambi\u00e9n ten\u00edan 13 a\u00f1os.<\/p>\n\n\n\n<p class=\"wp-block-paragraph\">Otro acusado, quien fue igualmente involucrado en el proceso pero no particip\u00f3 de manera directa en el homicidio, no recibi\u00f3 un castigo penal.<\/p>\n\n\n\n<p class=\"wp-block-paragraph\">De acuerdo con el fallo de la corte, los actos de los condenados fueron particularmente brutales y dado que los dos se encontraban entre los 12 y 14 a\u00f1os cuando los cometieron, deb\u00edan ser considerados criminalmente responsables por los mismos.<\/p>\n","protected":false},"excerpt":{"rendered":"<p>Un tribunal chino conden\u00f3 este lunes a un adolescente de 13 a\u00f1os a cadena perpetua y a otro a 12 a\u00f1os de prisi\u00f3n por haber matado a su compa\u00f1ero de clase, de 13 a\u00f1os. De apellidos Zhang y Li, ambos fueron sentenciados por el asesinato. En marzo de 2024, perpetraron el crimen y luego enterraron el cuerpo de la v\u00edctima, cuando tambi\u00e9n ten\u00edan 13 a\u00f1os. Otro acusado, quien fue igualmente involucrado en el proceso pero no particip\u00f3 de manera directa en el homicidio, no recibi\u00f3 un castigo penal. De acuerdo&hellip;<\/p>\n","protected":false},"author":1,"featured_media":0,"comment_status":"closed","ping_status":"closed","sticky":false,"template":"","format":"standard","meta":{"footnotes":""},"categories":[4],"tags":[],"class_list":["post-12229","post","type-post","status-publish","format-standard","hentry","category-interes-general"],"rttpg_featured_image_url":null,"rttpg_author":{"display_name":"rober","author_link":"https:\/\/livingmultimediosde.net.ar\/INDEX\/author\/rober\/"},"rttpg_comment":0,"rttpg_category":"<a href=\"https:\/\/livingmultimediosde.net.ar\/INDEX\/category\/interes-general\/\" rel=\"category tag\">INTERES GENERAL<\/a>","rttpg_excerpt":"Un tribunal chino conden\u00f3 este lunes a un adolescente de 13 a\u00f1os a cadena perpetua y a otro a 12 a\u00f1os de prisi\u00f3n por haber matado a su compa\u00f1ero de clase, de 13 a\u00f1os. De apellidos Zhang y Li, ambos fueron sentenciados por el asesinato. En marzo de 2024, perpetraron el crimen y luego enterraron&hellip;","_links":{"self":[{"href":"https:\/\/livingmultimediosde.net.ar\/INDEX\/wp-json\/wp\/v2\/posts\/12229","targetHints":{"allow":["GET"]}}],"collection":[{"href":"https:\/\/livingmultimediosde.net.ar\/INDEX\/wp-json\/wp\/v2\/posts"}],"about":[{"href":"https:\/\/livingmultimediosde.net.ar\/INDEX\/wp-json\/wp\/v2\/types\/post"}],"author":[{"embeddable":true,"href":"https:\/\/livingmultimediosde.net.ar\/INDEX\/wp-json\/wp\/v2\/users\/1"}],"replies":[{"embeddable":true,"href":"https:\/\/livingmultimediosde.net.ar\/INDEX\/wp-json\/wp\/v2\/comments?post=12229"}],"version-history":[{"count":1,"href":"https:\/\/livingmultimediosde.net.ar\/INDEX\/wp-json\/wp\/v2\/posts\/12229\/revisions"}],"predecessor-version":[{"id":12231,"href":"https:\/\/livingmultimediosde.net.ar\/INDEX\/wp-json\/wp\/v2\/posts\/12229\/revisions\/12231"}],"wp:attachment":[{"href":"https:\/\/livingmultimediosde.net.ar\/INDEX\/wp-json\/wp\/v2\/media?parent=12229"}],"wp:term":[{"taxonomy":"category","embeddable":true,"href":"https:\/\/livingmultimediosde.net.ar\/INDEX\/wp-json\/wp\/v2\/categories?post=12229"},{"taxonomy":"post_tag","embeddable":true,"href":"https:\/\/livingmultimediosde.net.ar\/INDEX\/wp-json\/wp\/v2\/tags?post=12229"}],"curies":[{"name":"wp","href":"https:\/\/api.w.org\/{rel}","templated":true}]}}