{"id":11107,"date":"2024-09-30T17:56:45","date_gmt":"2024-09-30T17:56:45","guid":{"rendered":"https:\/\/livingmultimediosde.net.ar\/INDEX\/?p=11107"},"modified":"2024-09-30T17:56:49","modified_gmt":"2024-09-30T17:56:49","slug":"ypf-y-shell-bajaran-las-naftas-1-y-el-gas-oil-2-desde-este-martes","status":"publish","type":"post","link":"https:\/\/livingmultimediosde.net.ar\/INDEX\/2024\/09\/ypf-y-shell-bajaran-las-naftas-1-y-el-gas-oil-2-desde-este-martes\/","title":{"rendered":"YPF y Shell bajar\u00e1n las naftas 1% y el gas oil 2% desde este martes"},"content":{"rendered":"\n<p class=\"wp-block-paragraph\">Las petroleras YPF y Shell anunciaron que rebajar\u00e1n desde este martes 1% el precio de sus naftas y 2% el del gas oil en todo el pa\u00eds como consecuencia de la ca\u00edda de los valores del petr\u00f3leo a nivel internacional.<\/p>\n\n\n\n<p class=\"wp-block-paragraph\">\u201cYPF no tiene que subsidiar a los consumidores y los consumidores no tienen que subsidiar a YPF. Si el precio del petr\u00f3leo a nivel internacional sube vamos a subir el precio, y si el precio baja YPF va a bajar el precio de los combustibles\u201d, afirm\u00f3 el CEO de la compa\u00f1\u00eda Horacio Mar\u00edn al explicar la decisi\u00f3n.<\/p>\n\n\n\n<p class=\"wp-block-paragraph\">El ejecutivo explic\u00f3 que \u00abhoy el precio de los combustibles de nuestras refiner\u00edas sale a 100 unidades, ma\u00f1ana saldr\u00e1 a 96 unidades, pero hay que sumarle 2 puntos de la devaluaci\u00f3n, m\u00e1s un punto del ajuste del impuesto a los combustibles\u201d, a\u00f1adi\u00f3 Mar\u00edn en declaraciones period\u00edsticas.<\/p>\n\n\n\n<p class=\"wp-block-paragraph\">El ejecutivo afirm\u00f3 que sin una pol\u00edtica en este sentido \u201cVaca Muerta no se desarrollar\u00e1\u201d y reiter\u00f3 que su objetivo es que YPF \u201cexporte US$ 30.000 millones en 2030.<\/p>\n\n\n\n<p class=\"wp-block-paragraph\">\u201cEsta decisi\u00f3n se toma, fundamentalmente, en el marco de una ca\u00edda de la cotizaci\u00f3n internacional del crudo Brent que forma parte de la estructura de precios de todos los combustibles a nivel mundial\u201d, precis\u00f3 m\u00e1s tarde la compa\u00f1\u00eda en un comunicado.<\/p>\n\n\n\n<p class=\"wp-block-paragraph\">La empresa se\u00f1al\u00f3 que \u201cen los \u00faltimos 8 meses, YPF encontr\u00f3 un equilibrio entre los precios internacionales y los precios locales en surtidor que permite, de ahora en m\u00e1s, que \u00e9stos \u00faltimos se suban o bajen en funci\u00f3n de valor del crudo Brent y la evoluci\u00f3n de los componentes de costo local\u201d.<\/p>\n\n\n\n<p class=\"wp-block-paragraph\">Tras el anuncio de YPF la petrolera Shell confirm\u00f3 a esta agencia una decisi\u00f3n similar con rebaja de 1% en nafta y 2% en gas oil.<\/p>\n","protected":false},"excerpt":{"rendered":"<p>Las petroleras YPF y Shell anunciaron que rebajar\u00e1n desde este martes 1% el precio de sus naftas y 2% el del gas oil en todo el pa\u00eds como consecuencia de la ca\u00edda de los valores del petr\u00f3leo a nivel internacional. \u201cYPF no tiene que subsidiar a los consumidores y los consumidores no tienen que subsidiar a YPF. Si el precio del petr\u00f3leo a nivel internacional sube vamos a subir el precio, y si el precio baja YPF va a bajar el precio de los combustibles\u201d, afirm\u00f3 el CEO de la&hellip;<\/p>\n","protected":false},"author":1,"featured_media":0,"comment_status":"open","ping_status":"closed","sticky":false,"template":"","format":"standard","meta":{"footnotes":""},"categories":[4],"tags":[],"class_list":["post-11107","post","type-post","status-publish","format-standard","hentry","category-interes-general"],"rttpg_featured_image_url":null,"rttpg_author":{"display_name":"rober","author_link":"https:\/\/livingmultimediosde.net.ar\/INDEX\/author\/rober\/"},"rttpg_comment":0,"rttpg_category":"<a href=\"https:\/\/livingmultimediosde.net.ar\/INDEX\/category\/interes-general\/\" rel=\"category tag\">INTERES GENERAL<\/a>","rttpg_excerpt":"Las petroleras YPF y Shell anunciaron que rebajar\u00e1n desde este martes 1% el precio de sus naftas y 2% el del gas oil en todo el pa\u00eds como consecuencia de la ca\u00edda de los valores del petr\u00f3leo a nivel internacional. \u201cYPF no tiene que subsidiar a los consumidores y los consumidores no tienen que subsidiar&hellip;","_links":{"self":[{"href":"https:\/\/livingmultimediosde.net.ar\/INDEX\/wp-json\/wp\/v2\/posts\/11107","targetHints":{"allow":["GET"]}}],"collection":[{"href":"https:\/\/livingmultimediosde.net.ar\/INDEX\/wp-json\/wp\/v2\/posts"}],"about":[{"href":"https:\/\/livingmultimediosde.net.ar\/INDEX\/wp-json\/wp\/v2\/types\/post"}],"author":[{"embeddable":true,"href":"https:\/\/livingmultimediosde.net.ar\/INDEX\/wp-json\/wp\/v2\/users\/1"}],"replies":[{"embeddable":true,"href":"https:\/\/livingmultimediosde.net.ar\/INDEX\/wp-json\/wp\/v2\/comments?post=11107"}],"version-history":[{"count":1,"href":"https:\/\/livingmultimediosde.net.ar\/INDEX\/wp-json\/wp\/v2\/posts\/11107\/revisions"}],"predecessor-version":[{"id":11109,"href":"https:\/\/livingmultimediosde.net.ar\/INDEX\/wp-json\/wp\/v2\/posts\/11107\/revisions\/11109"}],"wp:attachment":[{"href":"https:\/\/livingmultimediosde.net.ar\/INDEX\/wp-json\/wp\/v2\/media?parent=11107"}],"wp:term":[{"taxonomy":"category","embeddable":true,"href":"https:\/\/livingmultimediosde.net.ar\/INDEX\/wp-json\/wp\/v2\/categories?post=11107"},{"taxonomy":"post_tag","embeddable":true,"href":"https:\/\/livingmultimediosde.net.ar\/INDEX\/wp-json\/wp\/v2\/tags?post=11107"}],"curies":[{"name":"wp","href":"https:\/\/api.w.org\/{rel}","templated":true}]}}