{"id":11101,"date":"2024-09-30T17:54:31","date_gmt":"2024-09-30T17:54:31","guid":{"rendered":"https:\/\/livingmultimediosde.net.ar\/INDEX\/?p=11101"},"modified":"2024-09-30T17:54:34","modified_gmt":"2024-09-30T17:54:34","slug":"el-descargo-del-dibu-martinez-tras-la-sancion-de-la-conmebol-nunca-fue-mi-intencion-faltarle-el-respeto-a-nadie","status":"publish","type":"post","link":"https:\/\/livingmultimediosde.net.ar\/INDEX\/2024\/09\/el-descargo-del-dibu-martinez-tras-la-sancion-de-la-conmebol-nunca-fue-mi-intencion-faltarle-el-respeto-a-nadie\/","title":{"rendered":"El descargo del \u201cDibu\u201d Mart\u00ednez tras la sanci\u00f3n de la Conmebol: \u201cNunca fue mi intenci\u00f3n faltarle el respeto a nadie\u201d"},"content":{"rendered":"\n<p class=\"wp-block-paragraph\">El arquero titular de la Selecci\u00f3n argentina, Emiliano \u201cDibu\u201d Mart\u00ednez, realiz\u00f3 un descargo en sus redes sociales luego de la sanci\u00f3n de la Conmebol y asegur\u00f3 que \u201cnunca fue mi intenci\u00f3n faltarle el respeto a nadie\u201d.<\/p>\n\n\n\n<p class=\"wp-block-paragraph\">Mart\u00ednez, que tuvo un gran inicio de temporada con el Aston Villa, fue suspendido por la Conmebol y se perder\u00e1 los siguientes dos partidos de Eliminatorias Sudamericanas (ante Venezuela y Bolivia) por \u201ccomportamiento ofensivo y violaci\u00f3n del juego limpio\u201d en los partidos ante Chile y Colombia de la \u00faltima ventana internacional.<\/p>\n\n\n\n<p class=\"wp-block-paragraph\">El primero de ellos se dio por gestos supuestamente obscenos durante la celebraci\u00f3n por la obtenci\u00f3n de la Copa Am\u00e9rica, mientras que la otra sanci\u00f3n fue por pegarle a una c\u00e1mara tras la derrota ante Colombia.<\/p>\n\n\n\n<p class=\"wp-block-paragraph\">Luego de conocerse la sanci\u00f3n, el \u201cDibu\u201d pidi\u00f3 disculpas en sus redes sociales \u201cpor si ofend\u00ed a alguien\u201d, y reconoci\u00f3 que \u201cel momento de celebraci\u00f3n es para hacer sonre\u00edr a muchos chicos y no faltar el respeto a nadie. Apoyar\u00e9 a mis amigos en esta fecha FIFA con el dolor de no poder estar\u201d.<\/p>\n\n\n\n<p class=\"wp-block-paragraph\">Adem\u00e1s, sostuvo: \u201cNunca fue mi intenci\u00f3n faltarle el respeto a nadie, ni entend\u00eda que un gesto bien recibido por la gente era ofensivo, pero tratar\u00e9 de no ofender m\u00e1s a nadie y solo enfocarme en ganar t\u00edtulos con Argentina y Aston Villa\u201d.<\/p>\n\n\n\n<p class=\"wp-block-paragraph\">Cu\u00e1ndo vuelve a jugar la Selecci\u00f3n argentina<br>Los campeones de Am\u00e9rica y de la Copa del Mundo jugar\u00e1n en octubre sus dos partidos correspondientes a la novena y a la d\u00e9cima fecha de las Eliminatorias Sudamericanas para el Mundial de Estados Unidos, Canad\u00e1 y M\u00e9xico 2026.<\/p>\n\n\n\n<p class=\"wp-block-paragraph\">El primer partido ser\u00e1 el 10 de octubre a las 6 de la tarde, cuando visiten a Venezuela, mientras que cinco d\u00edas despu\u00e9s recibir\u00e1n a Bolivia a las 9 de la noche.<\/p>\n\n\n\n<p class=\"wp-block-paragraph\">La Selecci\u00f3n argentina marcha primera en las Eliminatorias con 18 puntos, dos m\u00e1s que su escolta, Colombia.<\/p>\n","protected":false},"excerpt":{"rendered":"<p>El arquero titular de la Selecci\u00f3n argentina, Emiliano \u201cDibu\u201d Mart\u00ednez, realiz\u00f3 un descargo en sus redes sociales luego de la sanci\u00f3n de la Conmebol y asegur\u00f3 que \u201cnunca fue mi intenci\u00f3n faltarle el respeto a nadie\u201d. Mart\u00ednez, que tuvo un gran inicio de temporada con el Aston Villa, fue suspendido por la Conmebol y se perder\u00e1 los siguientes dos partidos de Eliminatorias Sudamericanas (ante Venezuela y Bolivia) por \u201ccomportamiento ofensivo y violaci\u00f3n del juego limpio\u201d en los partidos ante Chile y Colombia de la \u00faltima ventana internacional. El primero de&hellip;<\/p>\n","protected":false},"author":1,"featured_media":0,"comment_status":"open","ping_status":"closed","sticky":false,"template":"","format":"standard","meta":{"footnotes":""},"categories":[4],"tags":[],"class_list":["post-11101","post","type-post","status-publish","format-standard","hentry","category-interes-general"],"rttpg_featured_image_url":null,"rttpg_author":{"display_name":"rober","author_link":"https:\/\/livingmultimediosde.net.ar\/INDEX\/author\/rober\/"},"rttpg_comment":0,"rttpg_category":"<a href=\"https:\/\/livingmultimediosde.net.ar\/INDEX\/category\/interes-general\/\" rel=\"category tag\">INTERES GENERAL<\/a>","rttpg_excerpt":"El arquero titular de la Selecci\u00f3n argentina, Emiliano \u201cDibu\u201d Mart\u00ednez, realiz\u00f3 un descargo en sus redes sociales luego de la sanci\u00f3n de la Conmebol y asegur\u00f3 que \u201cnunca fue mi intenci\u00f3n faltarle el respeto a nadie\u201d. Mart\u00ednez, que tuvo un gran inicio de temporada con el Aston Villa, fue suspendido por la Conmebol y se&hellip;","_links":{"self":[{"href":"https:\/\/livingmultimediosde.net.ar\/INDEX\/wp-json\/wp\/v2\/posts\/11101","targetHints":{"allow":["GET"]}}],"collection":[{"href":"https:\/\/livingmultimediosde.net.ar\/INDEX\/wp-json\/wp\/v2\/posts"}],"about":[{"href":"https:\/\/livingmultimediosde.net.ar\/INDEX\/wp-json\/wp\/v2\/types\/post"}],"author":[{"embeddable":true,"href":"https:\/\/livingmultimediosde.net.ar\/INDEX\/wp-json\/wp\/v2\/users\/1"}],"replies":[{"embeddable":true,"href":"https:\/\/livingmultimediosde.net.ar\/INDEX\/wp-json\/wp\/v2\/comments?post=11101"}],"version-history":[{"count":1,"href":"https:\/\/livingmultimediosde.net.ar\/INDEX\/wp-json\/wp\/v2\/posts\/11101\/revisions"}],"predecessor-version":[{"id":11103,"href":"https:\/\/livingmultimediosde.net.ar\/INDEX\/wp-json\/wp\/v2\/posts\/11101\/revisions\/11103"}],"wp:attachment":[{"href":"https:\/\/livingmultimediosde.net.ar\/INDEX\/wp-json\/wp\/v2\/media?parent=11101"}],"wp:term":[{"taxonomy":"category","embeddable":true,"href":"https:\/\/livingmultimediosde.net.ar\/INDEX\/wp-json\/wp\/v2\/categories?post=11101"},{"taxonomy":"post_tag","embeddable":true,"href":"https:\/\/livingmultimediosde.net.ar\/INDEX\/wp-json\/wp\/v2\/tags?post=11101"}],"curies":[{"name":"wp","href":"https:\/\/api.w.org\/{rel}","templated":true}]}}