{"id":11098,"date":"2024-09-30T17:53:18","date_gmt":"2024-09-30T17:53:18","guid":{"rendered":"https:\/\/livingmultimediosde.net.ar\/INDEX\/?p=11098"},"modified":"2024-09-30T17:53:18","modified_gmt":"2024-09-30T17:53:18","slug":"el-gobernador-zamora-fortalece-vinculos-en-washington-con-apoyo-de-la-embajada-argentina","status":"publish","type":"post","link":"https:\/\/livingmultimediosde.net.ar\/INDEX\/2024\/09\/el-gobernador-zamora-fortalece-vinculos-en-washington-con-apoyo-de-la-embajada-argentina\/","title":{"rendered":"El gobernador Zamora fortalece v\u00ednculos en Washington con apoyo de la Embajada Argentina"},"content":{"rendered":"<div id=\"inner-wrap\" class=\"wrap hfeed kt-clear\">\n<div id=\"primary\" class=\"content-area\">\n<div class=\"content-container site-container\"><main id=\"main\" class=\"site-main\" role=\"main\"><\/p>\n<div class=\"content-wrap\">\n<article id=\"post-40958\" class=\"entry content-bg single-entry post-40958 post type-post status-publish format-standard has-post-thumbnail hentry category-institucional category-portada tag-embajada-argentina tag-gerardo-zamora tag-washington\">\n<div class=\"entry-content-wrap\">\n<div class=\"entry-content single-content\">\n<p>El\u00a0<strong>gobernador de Santiago del Estero, Gerardo Zamora,\u00a0<\/strong>inform\u00f3 a trav\u00e9s de sus redes sociales que\u00a0<strong>se encuentra en la ciudad de Washington D.C.<\/strong>, donde<strong>\u00a0desarrollar\u00e1 una serie de importantes reuniones<\/strong>.<\/p>\n<p>Entre los encuentros programados,\u00a0<strong>Zamora destac\u00f3 su agenda con empresas del sector tecnol\u00f3gico, grupos de inversi\u00f3n con sede en Argentina y funcionarios del Banco Interamericano de Desarrollo (BID).<\/strong><\/p>\n<p><iframe class=\"lazyload\" data-src=\"https:\/\/www.facebook.com\/plugins\/post.php?href=https%3A%2F%2Fwww.facebook.com%2FzamoraSDE%2Fposts%2F1073434127483894&amp;show_text=true&amp;width=500\"  width=\"500\" height=\"518\" frameborder=\"0\" scrolling=\"no\" allowfullscreen=\"allowfullscreen\" data-mce-fragment=\"1\"><\/iframe><\/div>\n<\/div>\n<\/article>\n<\/div>\n<p><\/main><\/div>\n<\/div>\n<\/div>\n<footer id=\"colophon\" class=\"site-footer\" role=\"contentinfo\">\n<div class=\"site-footer-wrap\">\n<div class=\"site-top-footer-wrap site-footer-row-container site-footer-focus-item site-footer-row-layout-standard site-footer-row-tablet-layout-default site-footer-row-mobile-layout-default\" data-section=\"kadence_customizer_footer_top\">\n<div class=\"site-footer-row-container-inner\">\n<div class=\"site-container\">\n<div class=\"site-top-footer-inner-wrap site-footer-row site-footer-row-columns-3 site-footer-row-column-layout-equal site-footer-row-tablet-column-layout-default site-footer-row-mobile-column-layout-row ft-ro-dir-row ft-ro-collapse-normal ft-ro-t-dir-default ft-ro-m-dir-default ft-ro-lstyle-plain\">\n<div class=\"site-footer-top-section-1 site-footer-section footer-section-inner-items-1\">\n<div class=\"footer-widget-area widget-area site-footer-focus-item footer-widget1 content-align-default content-tablet-align-default content-mobile-align-default content-valign-default content-tablet-valign-default content-mobile-valign-default\" data-section=\"sidebar-widgets-footer1\">\n<div class=\"footer-widget-area-inner site-info-inner\"><\/div>\n<\/div>\n<\/div>\n<\/div>\n<\/div>\n<\/div>\n<\/div>\n<\/div>\n<\/footer>\n","protected":false},"excerpt":{"rendered":"<p>El\u00a0gobernador de Santiago del Estero, Gerardo Zamora,\u00a0inform\u00f3 a trav\u00e9s de sus redes sociales que\u00a0se encuentra en la ciudad de Washington D.C., donde\u00a0desarrollar\u00e1 una serie de importantes reuniones. Entre los encuentros programados,\u00a0Zamora destac\u00f3 su agenda con empresas del sector tecnol\u00f3gico, grupos de inversi\u00f3n con sede en Argentina y funcionarios del Banco Interamericano de Desarrollo (BID).<\/p>\n","protected":false},"author":1,"featured_media":0,"comment_status":"open","ping_status":"closed","sticky":false,"template":"","format":"standard","meta":{"footnotes":""},"categories":[9],"tags":[],"class_list":["post-11098","post","type-post","status-publish","format-standard","hentry","category-noticias"],"rttpg_featured_image_url":null,"rttpg_author":{"display_name":"rober","author_link":"https:\/\/livingmultimediosde.net.ar\/INDEX\/author\/rober\/"},"rttpg_comment":0,"rttpg_category":"<a href=\"https:\/\/livingmultimediosde.net.ar\/INDEX\/category\/noticias\/\" rel=\"category tag\">NOTICIAS<\/a>","rttpg_excerpt":"El\u00a0gobernador de Santiago del Estero, Gerardo Zamora,\u00a0inform\u00f3 a trav\u00e9s de sus redes sociales que\u00a0se encuentra en la ciudad de Washington D.C., donde\u00a0desarrollar\u00e1 una serie de importantes reuniones. Entre los encuentros programados,\u00a0Zamora destac\u00f3 su agenda con empresas del sector tecnol\u00f3gico, grupos de inversi\u00f3n con sede en Argentina y funcionarios del Banco Interamericano de Desarrollo (BID).","_links":{"self":[{"href":"https:\/\/livingmultimediosde.net.ar\/INDEX\/wp-json\/wp\/v2\/posts\/11098","targetHints":{"allow":["GET"]}}],"collection":[{"href":"https:\/\/livingmultimediosde.net.ar\/INDEX\/wp-json\/wp\/v2\/posts"}],"about":[{"href":"https:\/\/livingmultimediosde.net.ar\/INDEX\/wp-json\/wp\/v2\/types\/post"}],"author":[{"embeddable":true,"href":"https:\/\/livingmultimediosde.net.ar\/INDEX\/wp-json\/wp\/v2\/users\/1"}],"replies":[{"embeddable":true,"href":"https:\/\/livingmultimediosde.net.ar\/INDEX\/wp-json\/wp\/v2\/comments?post=11098"}],"version-history":[{"count":1,"href":"https:\/\/livingmultimediosde.net.ar\/INDEX\/wp-json\/wp\/v2\/posts\/11098\/revisions"}],"predecessor-version":[{"id":11100,"href":"https:\/\/livingmultimediosde.net.ar\/INDEX\/wp-json\/wp\/v2\/posts\/11098\/revisions\/11100"}],"wp:attachment":[{"href":"https:\/\/livingmultimediosde.net.ar\/INDEX\/wp-json\/wp\/v2\/media?parent=11098"}],"wp:term":[{"taxonomy":"category","embeddable":true,"href":"https:\/\/livingmultimediosde.net.ar\/INDEX\/wp-json\/wp\/v2\/categories?post=11098"},{"taxonomy":"post_tag","embeddable":true,"href":"https:\/\/livingmultimediosde.net.ar\/INDEX\/wp-json\/wp\/v2\/tags?post=11098"}],"curies":[{"name":"wp","href":"https:\/\/api.w.org\/{rel}","templated":true}]}}