{"id":11088,"date":"2024-09-28T06:05:25","date_gmt":"2024-09-28T06:05:25","guid":{"rendered":"https:\/\/livingmultimediosde.net.ar\/INDEX\/?p=11088"},"modified":"2024-09-28T06:05:36","modified_gmt":"2024-09-28T06:05:36","slug":"villarruel-cuestiono-el-acuerdo-del-gobierno-con-el-reino-unido-por-malvinas-nos-toman-por-tontos","status":"publish","type":"post","link":"https:\/\/livingmultimediosde.net.ar\/INDEX\/2024\/09\/villarruel-cuestiono-el-acuerdo-del-gobierno-con-el-reino-unido-por-malvinas-nos-toman-por-tontos\/","title":{"rendered":"Villarruel cuestion\u00f3 el acuerdo del Gobierno con el Reino Unido por Malvinas: \u00ab\u00bfNos toman por tontos?\u00bb"},"content":{"rendered":"\n<p class=\"wp-block-paragraph\">La vicepresidenta Victoria Villarruel cuestion\u00f3 hoy en duros t\u00e9rminos el acuerdo del Gobierno con el Reino Unido para la reapertura del di\u00e1logo por las Islas Malvinas, y al respecto sostuvo que la propuesta \u201ces contraria a los intereses de nuestra Naci\u00f3n\u201d dado que se plantea \u00abcooperar con la potencia que usurpa nuestro territorio\u201d.<\/p>\n\n\n\n<p class=\"wp-block-paragraph\">El martes pasado, la canciller Diana Mondino firm\u00f3 un acuerdo en Nueva York con su par de Gran Breta\u00f1a, David Lammy, para acercar posiciones respecto del diferendo de Malvinas, y la noticia fue presentada por el Gobierno como un \u00abavance diplom\u00e1tico\u00bb.<\/p>\n\n\n\n<p class=\"wp-block-paragraph\">Sin embargo, Villarruel se encarg\u00f3 de marcar que existe una grieta al interior del espacio libertario en torno a un acuerdo que en la pr\u00e1ctica le otorga beneficios al pa\u00eds brit\u00e1nico.<\/p>\n\n\n\n<p class=\"wp-block-paragraph\">\u201cTodos saben lo que representa Malvinas para m\u00ed y que ese es mi l\u00edmite y me obliga a expedirme. La propuesta de acuerdo anunciada con el Reino Unido es contraria a los intereses de nuestra Naci\u00f3n\u201d, consider\u00f3 la titular del Senado a trav\u00e9s de una publicaci\u00f3n en sus redes sociales.<\/p>\n\n\n\n<p class=\"wp-block-paragraph\">\u201cEsta propone entregar apoyo log\u00edstico continental a la ocupaci\u00f3n y permitir de hecho que puedan seguir depredando nuestros mares, \u00bfPara qu\u00e9? \u00bfPara ir a visitar nuestras islas con visa y pasaporte? \u00bfNos toman por tontos?\u201d, dispar\u00f3.<\/p>\n\n\n\n<p class=\"wp-block-paragraph\">Seg\u00fan dijo, \u201cellos obtienen ventajas materiales, concretas e inmediatas, mientras que a nosotros nos ofrecen migajas como consuelo emotivo y debilitan nuestra posibilidad de negociaci\u00f3n\u201d.<\/p>\n\n\n\n<p class=\"wp-block-paragraph\">El punto m\u00e1s saliente del acuerdo es el restablecimiento de un vuelo regular desde San Pablo (Brasil) a las islas Malvinas, con una escala mensual en C\u00f3rdoba, que hab\u00eda sido suspendido desde que la administraci\u00f3n de Alberto Fern\u00e1ndez endureci\u00f3 su reclamo de soberan\u00eda.<\/p>\n\n\n\n<p class=\"wp-block-paragraph\">Otro eje central es \u00aborganizar un viaje de familiares de ca\u00eddos a las Islas antes de fin de 2024, para que puedan visitar las tumbas de los soldados que all\u00ed descansan\u201d, inform\u00f3 Canciller\u00eda.<\/p>\n\n\n\n<p class=\"wp-block-paragraph\">\u201cTambi\u00e9n se estableci\u00f3 la necesidad de avanzar con medidas concretas en materia de conservaci\u00f3n de pesquer\u00edas\u00bb, agreg\u00f3 la cartera que encabeza Mondino.<\/p>\n\n\n\n<p class=\"wp-block-paragraph\">Para Villarruel, \u201cresulta ins\u00f3lito que mientras los EEUU nos ofrecen buques guardacostas para proteger nuestro mar argentino del pillaje extracontinental, nosotros propongamos cooperar con la potencia que usurpa nuestro territorio\u201d.<\/p>\n\n\n\n<p class=\"wp-block-paragraph\">\u201cEstas no son palabras contra nuestro gobierno, sin embargo, es inevitable expedirme sobre este acuerdo, ya que es un tema que toca cada fibra de mi identidad y pone en juego los intereses permanentes de nuestra gran Naci\u00f3n. Porque somos amigos de todos, pero primero de la Patria\u201d, aclar\u00f3.<\/p>\n","protected":false},"excerpt":{"rendered":"<p>La vicepresidenta Victoria Villarruel cuestion\u00f3 hoy en duros t\u00e9rminos el acuerdo del Gobierno con el Reino Unido para la reapertura del di\u00e1logo por las Islas Malvinas, y al respecto sostuvo que la propuesta \u201ces contraria a los intereses de nuestra Naci\u00f3n\u201d dado que se plantea \u00abcooperar con la potencia que usurpa nuestro territorio\u201d. El martes pasado, la canciller Diana Mondino firm\u00f3 un acuerdo en Nueva York con su par de Gran Breta\u00f1a, David Lammy, para acercar posiciones respecto del diferendo de Malvinas, y la noticia fue presentada por el Gobierno&hellip;<\/p>\n","protected":false},"author":1,"featured_media":0,"comment_status":"open","ping_status":"closed","sticky":false,"template":"","format":"standard","meta":{"footnotes":""},"categories":[4],"tags":[],"class_list":["post-11088","post","type-post","status-publish","format-standard","hentry","category-interes-general"],"rttpg_featured_image_url":null,"rttpg_author":{"display_name":"rober","author_link":"https:\/\/livingmultimediosde.net.ar\/INDEX\/author\/rober\/"},"rttpg_comment":0,"rttpg_category":"<a href=\"https:\/\/livingmultimediosde.net.ar\/INDEX\/category\/interes-general\/\" rel=\"category tag\">INTERES GENERAL<\/a>","rttpg_excerpt":"La vicepresidenta Victoria Villarruel cuestion\u00f3 hoy en duros t\u00e9rminos el acuerdo del Gobierno con el Reino Unido para la reapertura del di\u00e1logo por las Islas Malvinas, y al respecto sostuvo que la propuesta \u201ces contraria a los intereses de nuestra Naci\u00f3n\u201d dado que se plantea \u00abcooperar con la potencia que usurpa nuestro territorio\u201d. El martes&hellip;","_links":{"self":[{"href":"https:\/\/livingmultimediosde.net.ar\/INDEX\/wp-json\/wp\/v2\/posts\/11088","targetHints":{"allow":["GET"]}}],"collection":[{"href":"https:\/\/livingmultimediosde.net.ar\/INDEX\/wp-json\/wp\/v2\/posts"}],"about":[{"href":"https:\/\/livingmultimediosde.net.ar\/INDEX\/wp-json\/wp\/v2\/types\/post"}],"author":[{"embeddable":true,"href":"https:\/\/livingmultimediosde.net.ar\/INDEX\/wp-json\/wp\/v2\/users\/1"}],"replies":[{"embeddable":true,"href":"https:\/\/livingmultimediosde.net.ar\/INDEX\/wp-json\/wp\/v2\/comments?post=11088"}],"version-history":[{"count":1,"href":"https:\/\/livingmultimediosde.net.ar\/INDEX\/wp-json\/wp\/v2\/posts\/11088\/revisions"}],"predecessor-version":[{"id":11090,"href":"https:\/\/livingmultimediosde.net.ar\/INDEX\/wp-json\/wp\/v2\/posts\/11088\/revisions\/11090"}],"wp:attachment":[{"href":"https:\/\/livingmultimediosde.net.ar\/INDEX\/wp-json\/wp\/v2\/media?parent=11088"}],"wp:term":[{"taxonomy":"category","embeddable":true,"href":"https:\/\/livingmultimediosde.net.ar\/INDEX\/wp-json\/wp\/v2\/categories?post=11088"},{"taxonomy":"post_tag","embeddable":true,"href":"https:\/\/livingmultimediosde.net.ar\/INDEX\/wp-json\/wp\/v2\/tags?post=11088"}],"curies":[{"name":"wp","href":"https:\/\/api.w.org\/{rel}","templated":true}]}}