{"id":11085,"date":"2024-09-28T06:03:41","date_gmt":"2024-09-28T06:03:41","guid":{"rendered":"https:\/\/livingmultimediosde.net.ar\/INDEX\/?p=11085"},"modified":"2024-09-28T06:03:44","modified_gmt":"2024-09-28T06:03:44","slug":"el-dibu-martinez-se-perdera-la-doble-fecha-de-eliminatorias-detalles-sobre-la-sancion-de-la-fifa","status":"publish","type":"post","link":"https:\/\/livingmultimediosde.net.ar\/INDEX\/2024\/09\/el-dibu-martinez-se-perdera-la-doble-fecha-de-eliminatorias-detalles-sobre-la-sancion-de-la-fifa\/","title":{"rendered":"El Dibu Mart\u00ednez se perder\u00e1 la doble fecha de Eliminatorias : detalles sobre la sanci\u00f3n de la FIFA"},"content":{"rendered":"\n<p class=\"wp-block-paragraph\">La Federaci\u00f3n Internacional de F\u00fatbol Asociaci\u00f3n sancion\u00f3 al arquero argentino Emiliano Mart\u00ednez.<\/p>\n\n\n\n<p class=\"wp-block-paragraph\">El Dibu se perder\u00e1 la doble fecha de Eliminatorias para la Copa Mundial de 2026 debido a la sanci\u00f3n que determin\u00f3 la FIFA. Venezuela y Bolivia son los dos rivales que salieron beneficiados por la imposici\u00f3n del ente internacional.<\/p>\n\n\n\n<p class=\"wp-block-paragraph\">La medida fue tomada por dos hechos puntuales en los que se vio involucrado el guardavallas de la Selecci\u00f3n Argentina. El golpe a la c\u00e1mara de televisi\u00f3n en la derrota 2-1 frente a la Selecci\u00f3n de Colombia por la fecha de Eliminatorias, y el gesto obsceno en la victoria 3-0 frente a Chile; en el final de aquel encuentro, Mart\u00ednez coloc\u00f3 el trofeo de la Copa Am\u00e9rica en su zona genital.<\/p>\n\n\n\n<p class=\"wp-block-paragraph\">\u201cEl Demandado es suspendido por dos (2) partidos. Dicha suspensi\u00f3n se cumplir\u00e1 durante el(los) pr\u00f3ximo(s) partido(s) oficial(es) del equipo representativo de la Asociaci\u00f3n del F\u00fatbol Argentino de conformidad con el art. 69 CDF\u201d, explic\u00f3 la Asociaci\u00f3n del F\u00fatbol Argentino en su comunicado.<\/p>\n","protected":false},"excerpt":{"rendered":"<p>La Federaci\u00f3n Internacional de F\u00fatbol Asociaci\u00f3n sancion\u00f3 al arquero argentino Emiliano Mart\u00ednez. El Dibu se perder\u00e1 la doble fecha de Eliminatorias para la Copa Mundial de 2026 debido a la sanci\u00f3n que determin\u00f3 la FIFA. Venezuela y Bolivia son los dos rivales que salieron beneficiados por la imposici\u00f3n del ente internacional. La medida fue tomada por dos hechos puntuales en los que se vio involucrado el guardavallas de la Selecci\u00f3n Argentina. El golpe a la c\u00e1mara de televisi\u00f3n en la derrota 2-1 frente a la Selecci\u00f3n de Colombia por la&hellip;<\/p>\n","protected":false},"author":1,"featured_media":0,"comment_status":"open","ping_status":"closed","sticky":false,"template":"","format":"standard","meta":{"footnotes":""},"categories":[4],"tags":[],"class_list":["post-11085","post","type-post","status-publish","format-standard","hentry","category-interes-general"],"rttpg_featured_image_url":null,"rttpg_author":{"display_name":"rober","author_link":"https:\/\/livingmultimediosde.net.ar\/INDEX\/author\/rober\/"},"rttpg_comment":0,"rttpg_category":"<a href=\"https:\/\/livingmultimediosde.net.ar\/INDEX\/category\/interes-general\/\" rel=\"category tag\">INTERES GENERAL<\/a>","rttpg_excerpt":"La Federaci\u00f3n Internacional de F\u00fatbol Asociaci\u00f3n sancion\u00f3 al arquero argentino Emiliano Mart\u00ednez. El Dibu se perder\u00e1 la doble fecha de Eliminatorias para la Copa Mundial de 2026 debido a la sanci\u00f3n que determin\u00f3 la FIFA. Venezuela y Bolivia son los dos rivales que salieron beneficiados por la imposici\u00f3n del ente internacional. La medida fue tomada&hellip;","_links":{"self":[{"href":"https:\/\/livingmultimediosde.net.ar\/INDEX\/wp-json\/wp\/v2\/posts\/11085","targetHints":{"allow":["GET"]}}],"collection":[{"href":"https:\/\/livingmultimediosde.net.ar\/INDEX\/wp-json\/wp\/v2\/posts"}],"about":[{"href":"https:\/\/livingmultimediosde.net.ar\/INDEX\/wp-json\/wp\/v2\/types\/post"}],"author":[{"embeddable":true,"href":"https:\/\/livingmultimediosde.net.ar\/INDEX\/wp-json\/wp\/v2\/users\/1"}],"replies":[{"embeddable":true,"href":"https:\/\/livingmultimediosde.net.ar\/INDEX\/wp-json\/wp\/v2\/comments?post=11085"}],"version-history":[{"count":1,"href":"https:\/\/livingmultimediosde.net.ar\/INDEX\/wp-json\/wp\/v2\/posts\/11085\/revisions"}],"predecessor-version":[{"id":11087,"href":"https:\/\/livingmultimediosde.net.ar\/INDEX\/wp-json\/wp\/v2\/posts\/11085\/revisions\/11087"}],"wp:attachment":[{"href":"https:\/\/livingmultimediosde.net.ar\/INDEX\/wp-json\/wp\/v2\/media?parent=11085"}],"wp:term":[{"taxonomy":"category","embeddable":true,"href":"https:\/\/livingmultimediosde.net.ar\/INDEX\/wp-json\/wp\/v2\/categories?post=11085"},{"taxonomy":"post_tag","embeddable":true,"href":"https:\/\/livingmultimediosde.net.ar\/INDEX\/wp-json\/wp\/v2\/tags?post=11085"}],"curies":[{"name":"wp","href":"https:\/\/api.w.org\/{rel}","templated":true}]}}