{"id":11082,"date":"2024-09-28T06:01:40","date_gmt":"2024-09-28T06:01:40","guid":{"rendered":"https:\/\/livingmultimediosde.net.ar\/INDEX\/?p=11082"},"modified":"2024-09-28T06:01:49","modified_gmt":"2024-09-28T06:01:49","slug":"quintela-llamo-a-construir-un-pj-que-interpele-la-realidad","status":"publish","type":"post","link":"https:\/\/livingmultimediosde.net.ar\/INDEX\/2024\/09\/quintela-llamo-a-construir-un-pj-que-interpele-la-realidad\/","title":{"rendered":"Quintela llam\u00f3 a construir un PJ que \u00abinterpele la realidad\u00bb"},"content":{"rendered":"\n<p class=\"wp-block-paragraph\">El gobernador de La Rioja, Ricardo Quintela, llam\u00f3 a construir un PJ que \u00abinterpele la realidad que vivimos y a los responsables de la situaci\u00f3n cr\u00edtica de todos los argentinos y argentinas\u00bb, durante una recorrida partidaria por la provincia de Santa Fe.<\/p>\n\n\n\n<p class=\"wp-block-paragraph\">\u00abDebemos construir un partido moderno, que interpele la realidad que vivimos y a los responsables de la situaci\u00f3n cr\u00edtica de todos los argentinos y argentinas\u00bb, expres\u00f3 Quintela, que busca ser el presidente del PJ en las elecciones partidarias que se llevar\u00e1n a cabo el 17 de noviembre.<\/p>\n\n\n\n<p class=\"wp-block-paragraph\">El gobernador riojano, que fue ratificado en las urnas el a\u00f1o pasado, tiene la intenci\u00f3n de ser el nuevo conductor del Consejo Nacional del PJ despu\u00e9s de la renuncia del ex presidente Alberto Fern\u00e1ndez a ese cargo partidario.<\/p>\n\n\n\n<p class=\"wp-block-paragraph\">X de Ricardo Quintela<br>Como parte de su gira por el pa\u00eds, Quintela se reuni\u00f3 en Santa Fe con militantes del Movimiento Evita y las agrupaciones Ciudad Futura y Agrupaci\u00f3n Comunidad, quienes advirtieron sobre la necesidad de que la dirigencia \u00abhaga una revisi\u00f3n para volver a acompa\u00f1ar a la gente y a trabajar juntos en resolver los problemas de todos\u00bb, inform\u00f3 el mandatario desde sus redes sociales.<\/p>\n\n\n\n<p class=\"wp-block-paragraph\">Tambi\u00e9n se hab\u00eda entrevistado en Santa Fe con representantes de gremios de la CGT y la Junta departamental del PJ, con los que coincidi\u00f3 en el diagn\u00f3stico de \u00abfortalecer\u00bb un peronismo que atienda la problem\u00e1tica de las provincias.<\/p>\n","protected":false},"excerpt":{"rendered":"<p>El gobernador de La Rioja, Ricardo Quintela, llam\u00f3 a construir un PJ que \u00abinterpele la realidad que vivimos y a los responsables de la situaci\u00f3n cr\u00edtica de todos los argentinos y argentinas\u00bb, durante una recorrida partidaria por la provincia de Santa Fe. \u00abDebemos construir un partido moderno, que interpele la realidad que vivimos y a los responsables de la situaci\u00f3n cr\u00edtica de todos los argentinos y argentinas\u00bb, expres\u00f3 Quintela, que busca ser el presidente del PJ en las elecciones partidarias que se llevar\u00e1n a cabo el 17 de noviembre. El&hellip;<\/p>\n","protected":false},"author":1,"featured_media":0,"comment_status":"open","ping_status":"closed","sticky":false,"template":"","format":"standard","meta":{"footnotes":""},"categories":[4],"tags":[],"class_list":["post-11082","post","type-post","status-publish","format-standard","hentry","category-interes-general"],"rttpg_featured_image_url":null,"rttpg_author":{"display_name":"rober","author_link":"https:\/\/livingmultimediosde.net.ar\/INDEX\/author\/rober\/"},"rttpg_comment":0,"rttpg_category":"<a href=\"https:\/\/livingmultimediosde.net.ar\/INDEX\/category\/interes-general\/\" rel=\"category tag\">INTERES GENERAL<\/a>","rttpg_excerpt":"El gobernador de La Rioja, Ricardo Quintela, llam\u00f3 a construir un PJ que \u00abinterpele la realidad que vivimos y a los responsables de la situaci\u00f3n cr\u00edtica de todos los argentinos y argentinas\u00bb, durante una recorrida partidaria por la provincia de Santa Fe. \u00abDebemos construir un partido moderno, que interpele la realidad que vivimos y a&hellip;","_links":{"self":[{"href":"https:\/\/livingmultimediosde.net.ar\/INDEX\/wp-json\/wp\/v2\/posts\/11082","targetHints":{"allow":["GET"]}}],"collection":[{"href":"https:\/\/livingmultimediosde.net.ar\/INDEX\/wp-json\/wp\/v2\/posts"}],"about":[{"href":"https:\/\/livingmultimediosde.net.ar\/INDEX\/wp-json\/wp\/v2\/types\/post"}],"author":[{"embeddable":true,"href":"https:\/\/livingmultimediosde.net.ar\/INDEX\/wp-json\/wp\/v2\/users\/1"}],"replies":[{"embeddable":true,"href":"https:\/\/livingmultimediosde.net.ar\/INDEX\/wp-json\/wp\/v2\/comments?post=11082"}],"version-history":[{"count":1,"href":"https:\/\/livingmultimediosde.net.ar\/INDEX\/wp-json\/wp\/v2\/posts\/11082\/revisions"}],"predecessor-version":[{"id":11084,"href":"https:\/\/livingmultimediosde.net.ar\/INDEX\/wp-json\/wp\/v2\/posts\/11082\/revisions\/11084"}],"wp:attachment":[{"href":"https:\/\/livingmultimediosde.net.ar\/INDEX\/wp-json\/wp\/v2\/media?parent=11082"}],"wp:term":[{"taxonomy":"category","embeddable":true,"href":"https:\/\/livingmultimediosde.net.ar\/INDEX\/wp-json\/wp\/v2\/categories?post=11082"},{"taxonomy":"post_tag","embeddable":true,"href":"https:\/\/livingmultimediosde.net.ar\/INDEX\/wp-json\/wp\/v2\/tags?post=11082"}],"curies":[{"name":"wp","href":"https:\/\/api.w.org\/{rel}","templated":true}]}}