{"id":11064,"date":"2024-09-27T02:59:57","date_gmt":"2024-09-27T02:59:57","guid":{"rendered":"https:\/\/livingmultimediosde.net.ar\/INDEX\/?p=11064"},"modified":"2024-09-27T03:00:03","modified_gmt":"2024-09-27T03:00:03","slug":"el-senado-declaro-la-emergencia-ambiental-economica-y-habitacional-en-zonas-afectadas-por-los-incendios-en-cordoba","status":"publish","type":"post","link":"https:\/\/livingmultimediosde.net.ar\/INDEX\/2024\/09\/el-senado-declaro-la-emergencia-ambiental-economica-y-habitacional-en-zonas-afectadas-por-los-incendios-en-cordoba\/","title":{"rendered":"El Senado declar\u00f3 la emergencia ambiental, econ\u00f3mica y habitacional en zonas afectadas por los incendios en C\u00f3rdoba"},"content":{"rendered":"\n<p class=\"wp-block-paragraph\">La senadora Claudia Ledesma Abdala de Zamora particip\u00f3 hoy de la sesi\u00f3n en la que el Senado de la Naci\u00f3n aprob\u00f3 el proyecto que declara la emergencia ambiental, econ\u00f3mica y habitacional por 180 d\u00edas en zonas afectadas por los incendios en la provincia de C\u00f3rdoba, espec\u00edficamente en las localidades ubicadas en las Sierras y en aquellos departamentos afectados, con el fin de adoptar las medidas conducentes a combatir los incendios, restaurar y restablecer las zonas afectadas y prevenir nuevos focos.<\/p>\n\n\n\n<p class=\"wp-block-paragraph\">El proyecto dispone, entre otros temas, la asignaci\u00f3n de partidas extraordinarias para intervenir y asistir a los fines de la reconstrucci\u00f3n de infraestructura y la recuperaci\u00f3n de las actividades econ\u00f3micas afectadas, en coordinaci\u00f3n con los gobiernos municipales de las localidades afectadas, respetando los protocolos establecidos por el Plan de Manejo del Fuego.<\/p>\n\n\n\n<p class=\"wp-block-paragraph\">Tambi\u00e9n faculta al Poder Ejecutivo para adoptar medidas financieras especiales que brinden apoyo directo a las econom\u00edas regionales y a los habitantes de las zonas afectadas. Entre ellas, menciona l\u00edneas de cr\u00e9dito con tasas bonificadas para la reparaci\u00f3n de viviendas y la continuidad de activades productivas, suspensi\u00f3n temporaria de juicios y procedimientos de cobro de acreencias, facilidades fiscales y tributarias para los damnificados<\/p>\n\n\n\n<p class=\"wp-block-paragraph\">El Senado tambi\u00e9n aprob\u00f3 el proyecto venido en revisi\u00f3n que instituye el 15 de noviembre de cada a\u00f1o como D\u00eda Nacional por la Memoria de los 44 H\u00e9roes y Hero\u00edna del Submarino ARA San Juan y la Reafirmaci\u00f3n y Defensa de los Derechos Soberanos del Mar Argentino y un decreto de necesidad y urgencia que establece una compensaci\u00f3n econ\u00f3mica para los participantes de la defensa del Regimiento de Monte 29 \u201cCoronel Warnes\u201d, ocurrido en la Provincia de Formosa en 1975.<\/p>\n\n\n\n<p class=\"wp-block-paragraph\">Adem\u00e1s, prest\u00f3 acuerdo para la continuidad en su cargo como Camaristas de dos vocales que se desempe\u00f1an actualmente en las C\u00e1maras Nacionales de Apelaciones en lo Contencioso Administrativo Federal y en lo Penal Econ\u00f3mico, y convirti\u00f3 en ley la modificaci\u00f3n del Registro Nacional de Datos Gen\u00e9ticos vinculados a delitos contra la integridad sexual.<\/p>\n","protected":false},"excerpt":{"rendered":"<p>La senadora Claudia Ledesma Abdala de Zamora particip\u00f3 hoy de la sesi\u00f3n en la que el Senado de la Naci\u00f3n aprob\u00f3 el proyecto que declara la emergencia ambiental, econ\u00f3mica y habitacional por 180 d\u00edas en zonas afectadas por los incendios en la provincia de C\u00f3rdoba, espec\u00edficamente en las localidades ubicadas en las Sierras y en aquellos departamentos afectados, con el fin de adoptar las medidas conducentes a combatir los incendios, restaurar y restablecer las zonas afectadas y prevenir nuevos focos. El proyecto dispone, entre otros temas, la asignaci\u00f3n de partidas&hellip;<\/p>\n","protected":false},"author":1,"featured_media":0,"comment_status":"open","ping_status":"closed","sticky":false,"template":"","format":"standard","meta":{"footnotes":""},"categories":[4],"tags":[],"class_list":["post-11064","post","type-post","status-publish","format-standard","hentry","category-interes-general"],"rttpg_featured_image_url":null,"rttpg_author":{"display_name":"rober","author_link":"https:\/\/livingmultimediosde.net.ar\/INDEX\/author\/rober\/"},"rttpg_comment":0,"rttpg_category":"<a href=\"https:\/\/livingmultimediosde.net.ar\/INDEX\/category\/interes-general\/\" rel=\"category tag\">INTERES GENERAL<\/a>","rttpg_excerpt":"La senadora Claudia Ledesma Abdala de Zamora particip\u00f3 hoy de la sesi\u00f3n en la que el Senado de la Naci\u00f3n aprob\u00f3 el proyecto que declara la emergencia ambiental, econ\u00f3mica y habitacional por 180 d\u00edas en zonas afectadas por los incendios en la provincia de C\u00f3rdoba, espec\u00edficamente en las localidades ubicadas en las Sierras y en&hellip;","_links":{"self":[{"href":"https:\/\/livingmultimediosde.net.ar\/INDEX\/wp-json\/wp\/v2\/posts\/11064","targetHints":{"allow":["GET"]}}],"collection":[{"href":"https:\/\/livingmultimediosde.net.ar\/INDEX\/wp-json\/wp\/v2\/posts"}],"about":[{"href":"https:\/\/livingmultimediosde.net.ar\/INDEX\/wp-json\/wp\/v2\/types\/post"}],"author":[{"embeddable":true,"href":"https:\/\/livingmultimediosde.net.ar\/INDEX\/wp-json\/wp\/v2\/users\/1"}],"replies":[{"embeddable":true,"href":"https:\/\/livingmultimediosde.net.ar\/INDEX\/wp-json\/wp\/v2\/comments?post=11064"}],"version-history":[{"count":1,"href":"https:\/\/livingmultimediosde.net.ar\/INDEX\/wp-json\/wp\/v2\/posts\/11064\/revisions"}],"predecessor-version":[{"id":11066,"href":"https:\/\/livingmultimediosde.net.ar\/INDEX\/wp-json\/wp\/v2\/posts\/11064\/revisions\/11066"}],"wp:attachment":[{"href":"https:\/\/livingmultimediosde.net.ar\/INDEX\/wp-json\/wp\/v2\/media?parent=11064"}],"wp:term":[{"taxonomy":"category","embeddable":true,"href":"https:\/\/livingmultimediosde.net.ar\/INDEX\/wp-json\/wp\/v2\/categories?post=11064"},{"taxonomy":"post_tag","embeddable":true,"href":"https:\/\/livingmultimediosde.net.ar\/INDEX\/wp-json\/wp\/v2\/tags?post=11064"}],"curies":[{"name":"wp","href":"https:\/\/api.w.org\/{rel}","templated":true}]}}