{"id":11058,"date":"2024-09-26T19:40:29","date_gmt":"2024-09-26T19:40:29","guid":{"rendered":"https:\/\/livingmultimediosde.net.ar\/INDEX\/?p=11058"},"modified":"2024-09-26T19:42:12","modified_gmt":"2024-09-26T19:42:12","slug":"zamora-recibio-a-estudiantes-de-los-departamentos-copo-silipica-y-san-martin","status":"publish","type":"post","link":"https:\/\/livingmultimediosde.net.ar\/INDEX\/2024\/09\/zamora-recibio-a-estudiantes-de-los-departamentos-copo-silipica-y-san-martin\/","title":{"rendered":"ZAMORA RECIBI\u00d3 A ESTUDIANTES DE LOS DEPARTAMENTOS COPO, SIL\u00cdPICA Y SAN MART\u00cdN"},"content":{"rendered":"\n<p class=\"wp-block-paragraph\">El gobernador Gerardo Zamora recibi\u00f3 este jueves al mediod\u00eda en Casa de Gobierno la visita de cien alumnos pertenecientes a los colegios secundarios \u201cFray Genesio Bald\u00e1n\u201d de Monte Quemado (Copo); \u201cCrist\u00f3bal Col\u00f3n\u201d de \u00c1rraga (Sil\u00edpica) y \u201cPablo IV\u201d de Brea Pozo (San Mart\u00edn).<br>El encuentro se llev\u00f3 a cabo en el Sal\u00f3n de Acuerdos, en el marco del programa \u201cConociendo Mi Provincia\u201d que permite a los alumnos del interior que cursan el \u00faltimo a\u00f1o de la secundaria hacer un recorrido por la ciudad Capital, Las Termas de R\u00edo Hondo y Villa La Punta para conocer espacios hist\u00f3ricos, complejos deportivos y sitios tur\u00edsticos que forman parte del patrimonio de los santiague\u00f1os.<br>En ese sentido, las autoridades de los colegios destacaron la importancia de esta experiencia para sus alumnos.<br>El gobernador, por su parte, expres\u00f3 su alegr\u00eda por recibir a las tres delegaciones y agradeci\u00f3 a los docentes por el esfuerzo que realizan para acompa\u00f1arlos y hacer posible este viaje, como tambi\u00e9n a lo largo de todo el proceso de formaci\u00f3n educativa, y que tengan la oportunidad de hacer un peque\u00f1o viaje a trav\u00e9s de este programa que tiene que ver tambi\u00e9n con la b\u00fasqueda de igualdad educativa.<br>\u00abQue esta experiencia les permita confraternizar y conocer lugares y la historia de nuestra provincia\u201d concluy\u00f3 Zamora.<\/p>\n","protected":false},"excerpt":{"rendered":"<p>El gobernador Gerardo Zamora recibi\u00f3 este jueves al mediod\u00eda en Casa de Gobierno la visita de cien alumnos pertenecientes a los colegios secundarios \u201cFray Genesio Bald\u00e1n\u201d de Monte Quemado (Copo); \u201cCrist\u00f3bal Col\u00f3n\u201d de \u00c1rraga (Sil\u00edpica) y \u201cPablo IV\u201d de Brea Pozo (San Mart\u00edn).El encuentro se llev\u00f3 a cabo en el Sal\u00f3n de Acuerdos, en el marco del programa \u201cConociendo Mi Provincia\u201d que permite a los alumnos del interior que cursan el \u00faltimo a\u00f1o de la secundaria hacer un recorrido por la ciudad Capital, Las Termas de R\u00edo Hondo y Villa&hellip;<\/p>\n","protected":false},"author":1,"featured_media":0,"comment_status":"open","ping_status":"closed","sticky":false,"template":"","format":"standard","meta":{"footnotes":""},"categories":[1],"tags":[],"class_list":["post-11058","post","type-post","status-publish","format-standard","hentry","category-uncategorized"],"rttpg_featured_image_url":null,"rttpg_author":{"display_name":"rober","author_link":"https:\/\/livingmultimediosde.net.ar\/INDEX\/author\/rober\/"},"rttpg_comment":0,"rttpg_category":"<a href=\"https:\/\/livingmultimediosde.net.ar\/INDEX\/category\/uncategorized\/\" rel=\"category tag\">Uncategorized<\/a>","rttpg_excerpt":"El gobernador Gerardo Zamora recibi\u00f3 este jueves al mediod\u00eda en Casa de Gobierno la visita de cien alumnos pertenecientes a los colegios secundarios \u201cFray Genesio Bald\u00e1n\u201d de Monte Quemado (Copo); \u201cCrist\u00f3bal Col\u00f3n\u201d de \u00c1rraga (Sil\u00edpica) y \u201cPablo IV\u201d de Brea Pozo (San Mart\u00edn).El encuentro se llev\u00f3 a cabo en el Sal\u00f3n de Acuerdos, en el&hellip;","_links":{"self":[{"href":"https:\/\/livingmultimediosde.net.ar\/INDEX\/wp-json\/wp\/v2\/posts\/11058","targetHints":{"allow":["GET"]}}],"collection":[{"href":"https:\/\/livingmultimediosde.net.ar\/INDEX\/wp-json\/wp\/v2\/posts"}],"about":[{"href":"https:\/\/livingmultimediosde.net.ar\/INDEX\/wp-json\/wp\/v2\/types\/post"}],"author":[{"embeddable":true,"href":"https:\/\/livingmultimediosde.net.ar\/INDEX\/wp-json\/wp\/v2\/users\/1"}],"replies":[{"embeddable":true,"href":"https:\/\/livingmultimediosde.net.ar\/INDEX\/wp-json\/wp\/v2\/comments?post=11058"}],"version-history":[{"count":1,"href":"https:\/\/livingmultimediosde.net.ar\/INDEX\/wp-json\/wp\/v2\/posts\/11058\/revisions"}],"predecessor-version":[{"id":11060,"href":"https:\/\/livingmultimediosde.net.ar\/INDEX\/wp-json\/wp\/v2\/posts\/11058\/revisions\/11060"}],"wp:attachment":[{"href":"https:\/\/livingmultimediosde.net.ar\/INDEX\/wp-json\/wp\/v2\/media?parent=11058"}],"wp:term":[{"taxonomy":"category","embeddable":true,"href":"https:\/\/livingmultimediosde.net.ar\/INDEX\/wp-json\/wp\/v2\/categories?post=11058"},{"taxonomy":"post_tag","embeddable":true,"href":"https:\/\/livingmultimediosde.net.ar\/INDEX\/wp-json\/wp\/v2\/tags?post=11058"}],"curies":[{"name":"wp","href":"https:\/\/api.w.org\/{rel}","templated":true}]}}