{"id":11037,"date":"2024-09-26T04:07:58","date_gmt":"2024-09-26T04:07:58","guid":{"rendered":"https:\/\/livingmultimediosde.net.ar\/INDEX\/?p=11037"},"modified":"2024-09-26T04:08:01","modified_gmt":"2024-09-26T04:08:01","slug":"salud-informo-las-acciones-que-se-realizan-en-la-lucha-contra-el-dengue","status":"publish","type":"post","link":"https:\/\/livingmultimediosde.net.ar\/INDEX\/2024\/09\/salud-informo-las-acciones-que-se-realizan-en-la-lucha-contra-el-dengue\/","title":{"rendered":"Salud inform\u00f3 las acciones que se realizan en la lucha contra el dengue"},"content":{"rendered":"\n<p class=\"wp-block-paragraph\">Las autoridades sanitarias, encabezadas por la ministra de Salud, Lic. Natividad Nassif explicaron las estrategias que se est\u00e1n implementando para el abordaje integral de la problem\u00e1tica del dengue y convocaron a la comunidad a extremar las medidas de prevenci\u00f3n eliminando los criaderos del mosquito vector de dengue, zika y chicungunya.<\/p>\n\n\n\n<p class=\"wp-block-paragraph\">En este sentido, enfatizaron que la \u00fanica medida efectiva para la lucha contra el dengue es evitar la reproducci\u00f3n del mosquito que lo transmite. Asimismo se subray\u00f3 que la vacunaci\u00f3n no es la principal estrategia para prevenirlo sino una medida complementaria para lo que se seguir\u00e1n los lineamientos de la Comisi\u00f3n Nacional de Inmunizaciones (CoNaIn) y la OPS para su aplicaci\u00f3n. Se explic\u00f3 que, en coordinaci\u00f3n con el Ministerio de Salud de la Naci\u00f3n, se avanzar\u00e1 en una vacunaci\u00f3n focalizada en poblaciones espec\u00edficas, de manera progresiva seg\u00fan disponibilidad de vacunas y situaci\u00f3n epidemiol\u00f3gica.<\/p>\n\n\n\n<p class=\"wp-block-paragraph\">\u201cEn el abordaje integral de la problem\u00e1tica del dengue, el Ministerio est\u00e1 trabajando desde tres aspectos: el entomol\u00f3gico que implica el manejo del vector, las estrategias sanitarias y la responsabilidad social para la prevenci\u00f3n\u201d, explic\u00f3 la ministra de Salud quien estuvo acompa\u00f1ada por el equipo de gesti\u00f3n del Ministerio abocado a esta problem\u00e1tica.<\/p>\n\n\n\n<p class=\"wp-block-paragraph\">\u201cEn esta fase, en la que no tenemos circulaci\u00f3n viral, estamos trabajando fuertemente en la prevenci\u00f3n y estamos preparados para actuar con toda nuestra capacidad ante la presencia de un brote, si este ocurriera\u201d, expres\u00f3 Nassif.<\/p>\n\n\n\n<p class=\"wp-block-paragraph\">ESTRATEGIA DE CONTROL DE VECTOR<\/p>\n\n\n\n<p class=\"wp-block-paragraph\">La directora de Enfermedades transmisibles por Vectores, Dra. Sandra Seu, profundiz\u00f3: \u201cEn este momento a nivel nacional, con excepci\u00f3n de algunas regiones de Chaco y de Formosa, estamos transcurriendo el periodo interepid\u00e9mico. En esta etapa es donde nosotros tenemos que trabajar poniendo mucho \u00e9nfasis en la lucha contra el vector eliminando todos los posibles criaderos. En esta tarea estamos trabajando desde un abordaje intersectorial\u201d.<\/p>\n\n\n\n<p class=\"wp-block-paragraph\">Sobre la fumigaci\u00f3n, Seu record\u00f3 \u201csabemos que impacta es en el 30% de los mosquitos que est\u00e1n en vuelo al momento que fumigamos. Esa fumigaci\u00f3n no entra en nuestro domicilio y el mosquito vive en \u00e9l. Entonces, el trabajo que estamos realizando con todos los intendentes y los comisionados es ir casa por casa haciendo el control focal aplicaci\u00f3n de larvicidas y con el descacharrado\u201d.<\/p>\n\n\n\n<p class=\"wp-block-paragraph\">Aldo Gav\u00edcola, director de Medicina Preventiva explic\u00f3 que \u201cla provincia viene trabajando durante todo el a\u00f1o y el saneamiento ambiental es fundamental no solo en los hogares, sino tambi\u00e9n de todas las organizaciones no gubernamentales, las escuelas, instituciones\u201d.<\/p>\n\n\n\n<p class=\"wp-block-paragraph\">ESTRATEGIA SANITARIA Y RESPONSABILIDAD SOCIAL<\/p>\n\n\n\n<p class=\"wp-block-paragraph\">En cuanto a la estrategia sanitaria se refirieron los directores, Dr. Oscar Gallardo a cargo de los Hospitales de Capital y Banda, la Dra. Graciela Alzogaray responsable de los hospitales del interior y la Dra. Martha Tarchini a cargo de las UPAs de Capital y Banda.<\/p>\n\n\n\n<p class=\"wp-block-paragraph\">En relaci\u00f3n a los nueve hospitales de Capital y Banda, Gallardo se\u00f1al\u00f3 que funcionar\u00e1n los consultorios febriles, que son el primer contacto que va a tener la persona con s\u00edntomas. \u201cA diferencia del manejo del COVID no hay un hospital de referencia, sino que todos manejan el protocolo y todos contar\u00e1n con consultorio febril y atenci\u00f3n. Luego existen estrategias espec\u00edficas para las \u00e1reas de maternidad y pediatr\u00eda\u201d, se\u00f1al\u00f3.<\/p>\n\n\n\n<p class=\"wp-block-paragraph\">Alzogaray indic\u00f3 que en el interior se organiz\u00f3 una estrategia de regionalizaci\u00f3n de la atenci\u00f3n, la toma de muestras y el traslado de las muestras a la ciudad capital para el estudio en los centros de alta complejidad para poder enfrentar de la manera m\u00e1s eficiente la atenci\u00f3n a los pacientes que llegaran a presentar la patolog\u00eda en el interior de la provincia. \u201cEstamos trabajando con todas las instituciones intermedias, educaci\u00f3n, iglesias, clubes de barrio, clubes deportivos, bomberos, con los intendentes, los comisionados y todas las estructuras que puedan colaborar\u201d, dijo.<\/p>\n\n\n\n<p class=\"wp-block-paragraph\">Por su parte, Tarchini, expres\u00f3 que la prevenci\u00f3n del dengue se realiza durante todo el a\u00f1o \u201ctanto a nivel comunitario tanto en la actualizaci\u00f3n de la capacitaci\u00f3n en atenci\u00f3n de los pacientes\u201d.<\/p>\n\n\n\n<p class=\"wp-block-paragraph\">\u201cLe pedimos a la comunidad que el primer lugar de consulta sea el centro de salud m\u00e1s cercano a su domicilio, donde le puedan brindar una atenci\u00f3n y si es necesaria la orientaci\u00f3n o la derivaci\u00f3n a un nivel de mayor complejidad. Los consultorios febriles en el primer nivel de atenci\u00f3n ya est\u00e1n funcionando en todas las UPAs de Capital y La Banda\u201d, expres\u00f3 la Directora de APS.<\/p>\n\n\n\n<p class=\"wp-block-paragraph\">En cuanto a la responsabilidad social de la comunidad, el director de Desarrollo Comunitario, Lic. Gonzalo Ter\u00e1n pidi\u00f3 \u201cla participaci\u00f3n activa en todas las actividades que estamos desarrollando en las visitas que estamos haciendo casa por casa y el descacharrado. Los equipos est\u00e1n trabajando en los barrios, en las calles, en los centros jubilados, en los clubes, en las escuelas, en las plazas, pero si no tenemos esa responsabilidad en nuestras casas, el trabajo es mucho m\u00e1s complicado\u201d.<\/p>\n\n\n\n<p class=\"wp-block-paragraph\">DIAGN\u00d3STICO Y VACUNACI\u00d3N<\/p>\n\n\n\n<p class=\"wp-block-paragraph\">Sobre el diagn\u00f3stico y la vacunaci\u00f3n, dos cuestiones trasversales en la estrategia, se refirieron el Dr. Marcelo Ovejero, director del CEAMM y la Dra. Florencia Coronel, a cargo de la Secretar\u00eda T\u00e9cnica de Epidemiolog\u00eda.<\/p>\n\n\n\n<p class=\"wp-block-paragraph\">\u201cEn este contexto epidemiol\u00f3gico actual que estamos en la etapa de preparaci\u00f3n y en la fase preventiva frente a un posible escenario de circulaci\u00f3n viral, el objetivo del laboratorio es la detecci\u00f3n temprana de todos los casos sospechosos de s\u00edndrome febril agudo asociado a una posible infecci\u00f3n por dengue y otros arbovirus\u201d, explicit\u00f3 el Dr. Ovejero. Y asegur\u00f3 que \u201cel diagn\u00f3stico precoz, la determinaci\u00f3n del serotipo circulante, la identificaci\u00f3n de los tipos virales que est\u00e1n circulando en este momento es un punto clave en esta etapa ya que desencadena una serie de acciones como el control de foco, el seguimiento y el monitoreo de la circulaci\u00f3n de virus en nuestra provincia\u201d.<\/p>\n\n\n\n<p class=\"wp-block-paragraph\">Para cumplir este objetivo, el CEAMM dise\u00f1\u00f3 una red para que todos los efectores de salud tanto de capital como del interior realicen la toma y derivaci\u00f3n de muestras para que sean estudiados lo m\u00e1s pronto posible.<\/p>\n\n\n\n<p class=\"wp-block-paragraph\">\u201cEn esta fase preventiva y interbrote no tenemos circulaci\u00f3n viral en la provincia, hasta ahora no hemos tenido confirmado ning\u00fan caso, hay casos sospechosos de s\u00edndrome febril pero han sido descartados para el estudio de dengue y otros arbovirus\u201d, coment\u00f3 el Dr. Ovejero.<\/p>\n\n\n\n<p class=\"wp-block-paragraph\">Por \u00faltimo, la Dra. Florencia Coronel se refiri\u00f3 a la estrategia de vacunaci\u00f3n. \u201cEn el marco del abordaje integral de la problem\u00e1tica del dengue, una parte de la estrategia de atenci\u00f3n tambi\u00e9n va a ser la vacunaci\u00f3n. Esta vacunaci\u00f3n est\u00e1 coordinada por el Ministerio de Salud de la Naci\u00f3n y se gu\u00eda por las recomendaciones de la Comisi\u00f3n Nacional de Inmunizaciones para una vacunaci\u00f3n focalizada, segmentada y en etapas\u201d, indic\u00f3.<\/p>\n\n\n\n<p class=\"wp-block-paragraph\">Coronel detall\u00f3 que la vacunaci\u00f3n se va iniciar en los j\u00f3venes de 15 a 19 a\u00f1os sin obra social con domicilio en departamento Capital, que hayan tenido dengue en estos \u00faltimos periodos y cuyo caso de dengue est\u00e9 registrado en el sistema. Adem\u00e1s no deben tener contraindicaciones para esta vacuna. El departamento Capital fue el de mayor incidencia hist\u00f3rica acumulada de casos de Dengue.<\/p>\n\n\n\n<p class=\"wp-block-paragraph\">La inoculaci\u00f3n contra el dengue, es una vacuna viva atenuada, por lo que tiene contraindicaciones espec\u00edficas que son: no se puede colocar en inmunocomprometidos ni en inmunosuprimidos de cualquier causa, ni en embarazadas ni durante la lactancia materna.<\/p>\n\n\n\n<p class=\"wp-block-paragraph\">La vacuna no est\u00e1 en el calendario nacional por lo cual no es obligatoria. Cuenta con dos dosis y es muy importante tener las dos dosis completas para lograr la protecci\u00f3n, con un intervalo de tres meses entre cada una de las dos. Y si hemos tenido dengue, debemos esperar de tres a seis meses para poder aplicar esta vacuna.<\/p>\n\n\n\n<p class=\"wp-block-paragraph\">\u201cPor el momento se va a vacunar a esta poblaci\u00f3n y seguramente se ir\u00e1 ampliando. Ya est\u00e1 nominalizada el listado de estos j\u00f3venes, que van a ser distribuidos en los centros de salud indicados para vacunar y el equipo de salud se encargar\u00e1 de contactar a los j\u00f3venes de este grupo de edad, para que se acerquen a vacunarse durante este periodo\u201d, finaliz\u00f3.<\/p>\n\n\n\n<p class=\"wp-block-paragraph\">El objetivo de la vacunaci\u00f3n es disminuir la morbimortalidad por dengue pero no impide la circulaci\u00f3n del virus.<\/p>\n","protected":false},"excerpt":{"rendered":"<p>Las autoridades sanitarias, encabezadas por la ministra de Salud, Lic. Natividad Nassif explicaron las estrategias que se est\u00e1n implementando para el abordaje integral de la problem\u00e1tica del dengue y convocaron a la comunidad a extremar las medidas de prevenci\u00f3n eliminando los criaderos del mosquito vector de dengue, zika y chicungunya. En este sentido, enfatizaron que la \u00fanica medida efectiva para la lucha contra el dengue es evitar la reproducci\u00f3n del mosquito que lo transmite. Asimismo se subray\u00f3 que la vacunaci\u00f3n no es la principal estrategia para prevenirlo sino una medida&hellip;<\/p>\n","protected":false},"author":1,"featured_media":0,"comment_status":"open","ping_status":"closed","sticky":false,"template":"","format":"standard","meta":{"footnotes":""},"categories":[9],"tags":[],"class_list":["post-11037","post","type-post","status-publish","format-standard","hentry","category-noticias"],"rttpg_featured_image_url":null,"rttpg_author":{"display_name":"rober","author_link":"https:\/\/livingmultimediosde.net.ar\/INDEX\/author\/rober\/"},"rttpg_comment":0,"rttpg_category":"<a href=\"https:\/\/livingmultimediosde.net.ar\/INDEX\/category\/noticias\/\" rel=\"category tag\">NOTICIAS<\/a>","rttpg_excerpt":"Las autoridades sanitarias, encabezadas por la ministra de Salud, Lic. Natividad Nassif explicaron las estrategias que se est\u00e1n implementando para el abordaje integral de la problem\u00e1tica del dengue y convocaron a la comunidad a extremar las medidas de prevenci\u00f3n eliminando los criaderos del mosquito vector de dengue, zika y chicungunya. En este sentido, enfatizaron que&hellip;","_links":{"self":[{"href":"https:\/\/livingmultimediosde.net.ar\/INDEX\/wp-json\/wp\/v2\/posts\/11037","targetHints":{"allow":["GET"]}}],"collection":[{"href":"https:\/\/livingmultimediosde.net.ar\/INDEX\/wp-json\/wp\/v2\/posts"}],"about":[{"href":"https:\/\/livingmultimediosde.net.ar\/INDEX\/wp-json\/wp\/v2\/types\/post"}],"author":[{"embeddable":true,"href":"https:\/\/livingmultimediosde.net.ar\/INDEX\/wp-json\/wp\/v2\/users\/1"}],"replies":[{"embeddable":true,"href":"https:\/\/livingmultimediosde.net.ar\/INDEX\/wp-json\/wp\/v2\/comments?post=11037"}],"version-history":[{"count":1,"href":"https:\/\/livingmultimediosde.net.ar\/INDEX\/wp-json\/wp\/v2\/posts\/11037\/revisions"}],"predecessor-version":[{"id":11039,"href":"https:\/\/livingmultimediosde.net.ar\/INDEX\/wp-json\/wp\/v2\/posts\/11037\/revisions\/11039"}],"wp:attachment":[{"href":"https:\/\/livingmultimediosde.net.ar\/INDEX\/wp-json\/wp\/v2\/media?parent=11037"}],"wp:term":[{"taxonomy":"category","embeddable":true,"href":"https:\/\/livingmultimediosde.net.ar\/INDEX\/wp-json\/wp\/v2\/categories?post=11037"},{"taxonomy":"post_tag","embeddable":true,"href":"https:\/\/livingmultimediosde.net.ar\/INDEX\/wp-json\/wp\/v2\/tags?post=11037"}],"curies":[{"name":"wp","href":"https:\/\/api.w.org\/{rel}","templated":true}]}}