{"id":11034,"date":"2024-09-26T03:58:59","date_gmt":"2024-09-26T03:58:59","guid":{"rendered":"https:\/\/livingmultimediosde.net.ar\/INDEX\/?p=11034"},"modified":"2024-09-26T03:59:04","modified_gmt":"2024-09-26T03:59:04","slug":"la-intendente-fuentes-y-la-ministra-de-salud-nassif-encabezaron-una-reunion-de-trabajo-por-el-plan-estrategico-preventivo-contra-el-dengue","status":"publish","type":"post","link":"https:\/\/livingmultimediosde.net.ar\/INDEX\/2024\/09\/la-intendente-fuentes-y-la-ministra-de-salud-nassif-encabezaron-una-reunion-de-trabajo-por-el-plan-estrategico-preventivo-contra-el-dengue\/","title":{"rendered":"La intendente Fuentes y la ministra de Salud Nassif encabezaron una reuni\u00f3n de trabajo por el plan estrat\u00e9gico preventivo contra el dengue"},"content":{"rendered":"\n<p class=\"wp-block-paragraph\">La intendente de la Capital Ing. Norma Fuentes, y la ministra de Salud de la Provincia, Lic. Natividad Nassif, encabezaron un encuentro de trabajos con sus respectivos equipos t\u00e9cnicos para evaluar y ampliar criterios de acciones preventivas en el marco del plan estrat\u00e9gico contra el dengue en la ciudad.<br>La reuni\u00f3n de trabajo se realiz\u00f3 en el sal\u00f3n de acuerdos de la Municipalidad, en la que se abordaron distintas tem\u00e1ticas referidas a la continuidad y fortalecimiento de las tareas preventivas como campa\u00f1as de sensibilizaci\u00f3n en la comunidad, difusiones de las medidas para disminuir los criaderos de mosquitos, actividades de descacharreo, acciones articuladas con instituciones, entre otros.<br>El objetivo es avanzar en el \u00e1mbito de la ciudad con el trabajo operativo del municipio bajo la coordinaci\u00f3n del Ministerio de Salud, tal como se lo viene desarrollando a lo largo del a\u00f1o.<br>Asistieron por el organismo provincial Marta Tarchini, directora de Atenci\u00f3n Primaria de la Salud; Gonzalo Ter\u00e1n, director de Desarrollo Comunitario; Florencia Coronel, secretaria T\u00e9cnica de Epidemiolog\u00eda; Oscar Gallardo, director de Atenci\u00f3n M\u00e9dica; Sandra Se\u00fal, directora de Enfermedades Transmisibles por Vectores; valentina Briz, secretaria T\u00e9cnica de Farmacia; Jos\u00e9 G\u00f3mez, de la Direcci\u00f3n del Interior, entre otros.<br>En tanto, por el municipio participaron los secretarios de Coordinaci\u00f3n, Daniel Kobylanski; de Gobierno, N\u00e9stor Machado; y de Planeamiento, Obras y Servicios P\u00fablicos, Jorge Vila; el subsecretario de Salud y Desarrollo Social, Mauro Kalinski, adem\u00e1s de directores de distintas \u00e1reas.<\/p>\n","protected":false},"excerpt":{"rendered":"<p>La intendente de la Capital Ing. Norma Fuentes, y la ministra de Salud de la Provincia, Lic. Natividad Nassif, encabezaron un encuentro de trabajos con sus respectivos equipos t\u00e9cnicos para evaluar y ampliar criterios de acciones preventivas en el marco del plan estrat\u00e9gico contra el dengue en la ciudad.La reuni\u00f3n de trabajo se realiz\u00f3 en el sal\u00f3n de acuerdos de la Municipalidad, en la que se abordaron distintas tem\u00e1ticas referidas a la continuidad y fortalecimiento de las tareas preventivas como campa\u00f1as de sensibilizaci\u00f3n en la comunidad, difusiones de las medidas&hellip;<\/p>\n","protected":false},"author":1,"featured_media":0,"comment_status":"open","ping_status":"closed","sticky":false,"template":"","format":"standard","meta":{"footnotes":""},"categories":[9],"tags":[],"class_list":["post-11034","post","type-post","status-publish","format-standard","hentry","category-noticias"],"rttpg_featured_image_url":null,"rttpg_author":{"display_name":"rober","author_link":"https:\/\/livingmultimediosde.net.ar\/INDEX\/author\/rober\/"},"rttpg_comment":0,"rttpg_category":"<a href=\"https:\/\/livingmultimediosde.net.ar\/INDEX\/category\/noticias\/\" rel=\"category tag\">NOTICIAS<\/a>","rttpg_excerpt":"La intendente de la Capital Ing. Norma Fuentes, y la ministra de Salud de la Provincia, Lic. Natividad Nassif, encabezaron un encuentro de trabajos con sus respectivos equipos t\u00e9cnicos para evaluar y ampliar criterios de acciones preventivas en el marco del plan estrat\u00e9gico contra el dengue en la ciudad.La reuni\u00f3n de trabajo se realiz\u00f3 en&hellip;","_links":{"self":[{"href":"https:\/\/livingmultimediosde.net.ar\/INDEX\/wp-json\/wp\/v2\/posts\/11034","targetHints":{"allow":["GET"]}}],"collection":[{"href":"https:\/\/livingmultimediosde.net.ar\/INDEX\/wp-json\/wp\/v2\/posts"}],"about":[{"href":"https:\/\/livingmultimediosde.net.ar\/INDEX\/wp-json\/wp\/v2\/types\/post"}],"author":[{"embeddable":true,"href":"https:\/\/livingmultimediosde.net.ar\/INDEX\/wp-json\/wp\/v2\/users\/1"}],"replies":[{"embeddable":true,"href":"https:\/\/livingmultimediosde.net.ar\/INDEX\/wp-json\/wp\/v2\/comments?post=11034"}],"version-history":[{"count":1,"href":"https:\/\/livingmultimediosde.net.ar\/INDEX\/wp-json\/wp\/v2\/posts\/11034\/revisions"}],"predecessor-version":[{"id":11036,"href":"https:\/\/livingmultimediosde.net.ar\/INDEX\/wp-json\/wp\/v2\/posts\/11034\/revisions\/11036"}],"wp:attachment":[{"href":"https:\/\/livingmultimediosde.net.ar\/INDEX\/wp-json\/wp\/v2\/media?parent=11034"}],"wp:term":[{"taxonomy":"category","embeddable":true,"href":"https:\/\/livingmultimediosde.net.ar\/INDEX\/wp-json\/wp\/v2\/categories?post=11034"},{"taxonomy":"post_tag","embeddable":true,"href":"https:\/\/livingmultimediosde.net.ar\/INDEX\/wp-json\/wp\/v2\/tags?post=11034"}],"curies":[{"name":"wp","href":"https:\/\/api.w.org\/{rel}","templated":true}]}}