{"id":11031,"date":"2024-09-25T05:34:18","date_gmt":"2024-09-25T05:34:18","guid":{"rendered":"https:\/\/livingmultimediosde.net.ar\/INDEX\/?p=11031"},"modified":"2024-09-25T05:34:21","modified_gmt":"2024-09-25T05:34:21","slug":"la-intendente-fuentes-habilito-el-tunel-que-conecta-el-parque-del-encuentro-con-el-parque-de-los-ninos","status":"publish","type":"post","link":"https:\/\/livingmultimediosde.net.ar\/INDEX\/2024\/09\/la-intendente-fuentes-habilito-el-tunel-que-conecta-el-parque-del-encuentro-con-el-parque-de-los-ninos\/","title":{"rendered":"La intendente Fuentes habilit\u00f3 el t\u00fanel que conecta el Parque del Encuentro con el Parque de los Ni\u00f1os"},"content":{"rendered":"\n<p class=\"wp-block-paragraph\">Acompa\u00f1ada por ni\u00f1os de los jardines de infantes municipales, la intendente Ing. Norma Fuentes, habilit\u00f3 el t\u00fanel peatonal que conecta el Parque de los Ni\u00f1os con el Parque del Encuentro, para vincular estos espacios recreativos \u2013 culturales y mejorar la circulaci\u00f3n del p\u00fablico.<br>La apertura del nuevo acceso se realiz\u00f3 en el marco de las actividades que desarrollaron los alumnos del nivel inicial por el D\u00eda del Estudiante y la llegada de la primavera.<br>El t\u00fanel tiene aproximadamente 15 metros de extensi\u00f3n y cuenta con entradas que se asemejan a los castillos medievales.<br>\u00abEste cruce se ha dise\u00f1ado para garantizar la seguridad vial de nuestros ni\u00f1os, para que no corran riesgo en una avenida tan transitada como la N\u00fa\u00f1ez del Prado\u00bb, indic\u00f3 la intendente.<br>La jefa comunal agreg\u00f3: \u00abLo pensamos cuando se ejercitaba la obra del nudo vial de Av. Alsina y N\u00fa\u00f1ez del Prado, de esa manera se dio la oportunidad de generar este cruce a nivel que de otra forma hubiera sido muy dif\u00edcil realizarlo por su complejidad\u00bb.<br>La Ing. Fuentes sostuvo que se super\u00f3 con el t\u00fanel una barrera f\u00edsica ya que hacia ambos lados de la costanera no exist\u00eda una conexi\u00f3n por lo que a partir de ahora habr\u00e1 una din\u00e1mica diferente en el sector.<br>La intendente ratific\u00f3 que continuar\u00e1n los trabajos para mejorar los servicios en el Parque Aguirre, como la obra del parque Mam\u00e1 Antula y nuevas atracciones tecnol\u00f3gicas en el Domo.<\/p>\n","protected":false},"excerpt":{"rendered":"<p>Acompa\u00f1ada por ni\u00f1os de los jardines de infantes municipales, la intendente Ing. Norma Fuentes, habilit\u00f3 el t\u00fanel peatonal que conecta el Parque de los Ni\u00f1os con el Parque del Encuentro, para vincular estos espacios recreativos \u2013 culturales y mejorar la circulaci\u00f3n del p\u00fablico.La apertura del nuevo acceso se realiz\u00f3 en el marco de las actividades que desarrollaron los alumnos del nivel inicial por el D\u00eda del Estudiante y la llegada de la primavera.El t\u00fanel tiene aproximadamente 15 metros de extensi\u00f3n y cuenta con entradas que se asemejan a los castillos&hellip;<\/p>\n","protected":false},"author":1,"featured_media":0,"comment_status":"open","ping_status":"closed","sticky":false,"template":"","format":"standard","meta":{"footnotes":""},"categories":[9],"tags":[],"class_list":["post-11031","post","type-post","status-publish","format-standard","hentry","category-noticias"],"rttpg_featured_image_url":null,"rttpg_author":{"display_name":"rober","author_link":"https:\/\/livingmultimediosde.net.ar\/INDEX\/author\/rober\/"},"rttpg_comment":0,"rttpg_category":"<a href=\"https:\/\/livingmultimediosde.net.ar\/INDEX\/category\/noticias\/\" rel=\"category tag\">NOTICIAS<\/a>","rttpg_excerpt":"Acompa\u00f1ada por ni\u00f1os de los jardines de infantes municipales, la intendente Ing. Norma Fuentes, habilit\u00f3 el t\u00fanel peatonal que conecta el Parque de los Ni\u00f1os con el Parque del Encuentro, para vincular estos espacios recreativos \u2013 culturales y mejorar la circulaci\u00f3n del p\u00fablico.La apertura del nuevo acceso se realiz\u00f3 en el marco de las actividades&hellip;","_links":{"self":[{"href":"https:\/\/livingmultimediosde.net.ar\/INDEX\/wp-json\/wp\/v2\/posts\/11031","targetHints":{"allow":["GET"]}}],"collection":[{"href":"https:\/\/livingmultimediosde.net.ar\/INDEX\/wp-json\/wp\/v2\/posts"}],"about":[{"href":"https:\/\/livingmultimediosde.net.ar\/INDEX\/wp-json\/wp\/v2\/types\/post"}],"author":[{"embeddable":true,"href":"https:\/\/livingmultimediosde.net.ar\/INDEX\/wp-json\/wp\/v2\/users\/1"}],"replies":[{"embeddable":true,"href":"https:\/\/livingmultimediosde.net.ar\/INDEX\/wp-json\/wp\/v2\/comments?post=11031"}],"version-history":[{"count":1,"href":"https:\/\/livingmultimediosde.net.ar\/INDEX\/wp-json\/wp\/v2\/posts\/11031\/revisions"}],"predecessor-version":[{"id":11033,"href":"https:\/\/livingmultimediosde.net.ar\/INDEX\/wp-json\/wp\/v2\/posts\/11031\/revisions\/11033"}],"wp:attachment":[{"href":"https:\/\/livingmultimediosde.net.ar\/INDEX\/wp-json\/wp\/v2\/media?parent=11031"}],"wp:term":[{"taxonomy":"category","embeddable":true,"href":"https:\/\/livingmultimediosde.net.ar\/INDEX\/wp-json\/wp\/v2\/categories?post=11031"},{"taxonomy":"post_tag","embeddable":true,"href":"https:\/\/livingmultimediosde.net.ar\/INDEX\/wp-json\/wp\/v2\/tags?post=11031"}],"curies":[{"name":"wp","href":"https:\/\/api.w.org\/{rel}","templated":true}]}}