{"id":11028,"date":"2024-09-25T05:27:06","date_gmt":"2024-09-25T05:27:06","guid":{"rendered":"https:\/\/livingmultimediosde.net.ar\/INDEX\/?p=11028"},"modified":"2024-09-25T05:27:10","modified_gmt":"2024-09-25T05:27:10","slug":"zamora-recibio-a-alumnos-de-monte-quemado-santo-domingo-y-beltran","status":"publish","type":"post","link":"https:\/\/livingmultimediosde.net.ar\/INDEX\/2024\/09\/zamora-recibio-a-alumnos-de-monte-quemado-santo-domingo-y-beltran\/","title":{"rendered":"Zamora recibi\u00f3 a alumnos de Monte Quemado, Santo Domingo y Beltr\u00e1n"},"content":{"rendered":"\n<p class=\"wp-block-paragraph\">El gobernador Gerardo Zamora recibi\u00f3 este martes al mediod\u00eda en Casa de Gobierno la visita de 133 alumnos del Colegio \u201cFray Genesio Bald\u00e1n\u201d de Monte Quemado, Dpto. Copo; del Colegio Secundario \u201cDr. Juan F Maradona\u201d, de Beltr\u00e1n, y del Agrupamiento N\u00b0 8.140 de Santo Domingo, estos dos \u00faltimos ubicados en el departamento Robles.<\/p>\n\n\n\n<p class=\"wp-block-paragraph\">La actividad se llev\u00f3 a cabo en el marco del programa \u201cConociendo Mi Provincia\u201d, que tiene como objetivo brindar a alumnos del interior la posibilidad de realizar un viaje totalmente gratuito para conocer un poco m\u00e1s sobre la provincia y su potencial en un recorrido que incluye, adem\u00e1s de la Capital, la ciudad de Las Termas de R\u00edo Hondo y Villa La Punta.<\/p>\n\n\n\n<p class=\"wp-block-paragraph\">El contingente estuvo acompa\u00f1ado por docentes y autoridades de las instituciones quienes expresaron la importancia de este tipo de programas que se aplican en todas las escuelas, como tambi\u00e9n otros que ofrecen refuerzos nutricionales o que brindan herramientas tecnol\u00f3gicas para generar m\u00e1s igualdad de oportunidades.<\/p>\n\n\n\n<p class=\"wp-block-paragraph\">En esta ocasi\u00f3n, Zamora agradeci\u00f3 la visita y el acompa\u00f1amiento de docentes y padres para hacer posible esta experiencia, en la cual los chicos puedan ampliar su mirada sobre Santiago del Estero y conocer j\u00f3venes de otros puntos de la provincia.<\/p>\n\n\n\n<p class=\"wp-block-paragraph\">Tambi\u00e9n ratific\u00f3 el compromiso con la educaci\u00f3n como parte de una gesti\u00f3n de gobierno que se propone romper asimetr\u00edas y contribuir al crecimiento de todos los sectores, con las mismas oportunidades.<\/p>\n","protected":false},"excerpt":{"rendered":"<p>El gobernador Gerardo Zamora recibi\u00f3 este martes al mediod\u00eda en Casa de Gobierno la visita de 133 alumnos del Colegio \u201cFray Genesio Bald\u00e1n\u201d de Monte Quemado, Dpto. Copo; del Colegio Secundario \u201cDr. Juan F Maradona\u201d, de Beltr\u00e1n, y del Agrupamiento N\u00b0 8.140 de Santo Domingo, estos dos \u00faltimos ubicados en el departamento Robles. La actividad se llev\u00f3 a cabo en el marco del programa \u201cConociendo Mi Provincia\u201d, que tiene como objetivo brindar a alumnos del interior la posibilidad de realizar un viaje totalmente gratuito para conocer un poco m\u00e1s sobre&hellip;<\/p>\n","protected":false},"author":1,"featured_media":0,"comment_status":"open","ping_status":"closed","sticky":false,"template":"","format":"standard","meta":{"footnotes":""},"categories":[9],"tags":[],"class_list":["post-11028","post","type-post","status-publish","format-standard","hentry","category-noticias"],"rttpg_featured_image_url":null,"rttpg_author":{"display_name":"rober","author_link":"https:\/\/livingmultimediosde.net.ar\/INDEX\/author\/rober\/"},"rttpg_comment":0,"rttpg_category":"<a href=\"https:\/\/livingmultimediosde.net.ar\/INDEX\/category\/noticias\/\" rel=\"category tag\">NOTICIAS<\/a>","rttpg_excerpt":"El gobernador Gerardo Zamora recibi\u00f3 este martes al mediod\u00eda en Casa de Gobierno la visita de 133 alumnos del Colegio \u201cFray Genesio Bald\u00e1n\u201d de Monte Quemado, Dpto. Copo; del Colegio Secundario \u201cDr. Juan F Maradona\u201d, de Beltr\u00e1n, y del Agrupamiento N\u00b0 8.140 de Santo Domingo, estos dos \u00faltimos ubicados en el departamento Robles. La actividad&hellip;","_links":{"self":[{"href":"https:\/\/livingmultimediosde.net.ar\/INDEX\/wp-json\/wp\/v2\/posts\/11028","targetHints":{"allow":["GET"]}}],"collection":[{"href":"https:\/\/livingmultimediosde.net.ar\/INDEX\/wp-json\/wp\/v2\/posts"}],"about":[{"href":"https:\/\/livingmultimediosde.net.ar\/INDEX\/wp-json\/wp\/v2\/types\/post"}],"author":[{"embeddable":true,"href":"https:\/\/livingmultimediosde.net.ar\/INDEX\/wp-json\/wp\/v2\/users\/1"}],"replies":[{"embeddable":true,"href":"https:\/\/livingmultimediosde.net.ar\/INDEX\/wp-json\/wp\/v2\/comments?post=11028"}],"version-history":[{"count":1,"href":"https:\/\/livingmultimediosde.net.ar\/INDEX\/wp-json\/wp\/v2\/posts\/11028\/revisions"}],"predecessor-version":[{"id":11030,"href":"https:\/\/livingmultimediosde.net.ar\/INDEX\/wp-json\/wp\/v2\/posts\/11028\/revisions\/11030"}],"wp:attachment":[{"href":"https:\/\/livingmultimediosde.net.ar\/INDEX\/wp-json\/wp\/v2\/media?parent=11028"}],"wp:term":[{"taxonomy":"category","embeddable":true,"href":"https:\/\/livingmultimediosde.net.ar\/INDEX\/wp-json\/wp\/v2\/categories?post=11028"},{"taxonomy":"post_tag","embeddable":true,"href":"https:\/\/livingmultimediosde.net.ar\/INDEX\/wp-json\/wp\/v2\/tags?post=11028"}],"curies":[{"name":"wp","href":"https:\/\/api.w.org\/{rel}","templated":true}]}}