{"id":11025,"date":"2024-09-25T05:03:37","date_gmt":"2024-09-25T05:03:37","guid":{"rendered":"https:\/\/livingmultimediosde.net.ar\/INDEX\/?p=11025"},"modified":"2024-09-25T05:03:40","modified_gmt":"2024-09-25T05:03:40","slug":"hcd-declaro-de-interes-municipal-social-y-educativo-la-jornada-de-hipertension-cardiovascular","status":"publish","type":"post","link":"https:\/\/livingmultimediosde.net.ar\/INDEX\/2024\/09\/hcd-declaro-de-interes-municipal-social-y-educativo-la-jornada-de-hipertension-cardiovascular\/","title":{"rendered":"HCD: DECLAR\u00d3 DE INTER\u00c9S MUNICIPAL, SOCIAL Y EDUCATIVO LA \u201cJORNADA DE HIPERTENSI\u00d3N CARDIOVASCULAR\u00bb"},"content":{"rendered":"\n<p class=\"wp-block-paragraph\">24.09.24 Se celebr\u00f3 al 28va sesi\u00f3n ordinaria del Concejo Deliberante de la capital, presidido por su titular, Humberto Santill\u00e1n, con la presencia de 11 ediles. En la apertura, se realiz\u00f3 el acto de entrega de la Ordenanza, promovida por los ediles del Frente C\u00edvico, Marisa P\u00e9rez Nazar y Carlos Rodolfo Basualdo. La misma, fue recibida por los Dres. Luis Orellana y Mauro Ruise, en representaci\u00f3n del ministerio de Salud y la entidad organizadora.<\/p>\n\n\n\n<p class=\"wp-block-paragraph\">En efecto, la Ordenanza \u00abdeclara de Inter\u00e9s Municipal, Social y Educativo la \u201cJornada de Hipertensi\u00f3n Cardiovascular (HTA) en las diferentes etapas de la Vida y Riesgo Cardiovascular\u201d, organizadas por el Ministerio de Salud de Santiago del Estero y el Comit\u00e9 de Hipertensi\u00f3n Arterial de la Federaci\u00f3n Argentina de Cardiolog\u00eda, a llevarse a cabo el d\u00eda 27 de septiembre del a\u00f1o en curso en las instalaciones del Sal\u00f3n \u00d3valo del Parque Sur\u00bb.<\/p>\n\n\n\n<p class=\"wp-block-paragraph\">El evento mencionado es organizado por el Ministerio de Salud de Santiago del Estero y el Comit\u00e9 de Hipertensi\u00f3n Arterial de la Federaci\u00f3n Argentina de Cardiolog\u00eda, el pr\u00f3ximo 27 de septiembre de 2024, en las instalaciones del Sal\u00f3n \u00d3valo del Parque Sur.<\/p>\n\n\n\n<p class=\"wp-block-paragraph\">Se trata de un proyecto abierto a la sociedad donde la salud se pone en valor y que pretende ser un espacio de divulgaci\u00f3n, reflexi\u00f3n y participativo a trav\u00e9s de una informaci\u00f3n objetiva y orientada a promover estilos de vida saludables, prevenir la enfermedad y apoyar a pacientes cr\u00f3nicos en el cuidado de su propia salud.<\/p>\n\n\n\n<p class=\"wp-block-paragraph\">En dicha Jornada los profesionales estar\u00e1n capacitando a personal de la salud y p\u00fablico en general sobre esta enfermedad silenciosa que a\u00f1o a a\u00f1o aumenta la cifra de complicaciones y mortalidad de la poblaci\u00f3n.<\/p>\n","protected":false},"excerpt":{"rendered":"<p>24.09.24 Se celebr\u00f3 al 28va sesi\u00f3n ordinaria del Concejo Deliberante de la capital, presidido por su titular, Humberto Santill\u00e1n, con la presencia de 11 ediles. En la apertura, se realiz\u00f3 el acto de entrega de la Ordenanza, promovida por los ediles del Frente C\u00edvico, Marisa P\u00e9rez Nazar y Carlos Rodolfo Basualdo. La misma, fue recibida por los Dres. Luis Orellana y Mauro Ruise, en representaci\u00f3n del ministerio de Salud y la entidad organizadora. En efecto, la Ordenanza \u00abdeclara de Inter\u00e9s Municipal, Social y Educativo la \u201cJornada de Hipertensi\u00f3n Cardiovascular (HTA)&hellip;<\/p>\n","protected":false},"author":1,"featured_media":0,"comment_status":"open","ping_status":"closed","sticky":false,"template":"","format":"standard","meta":{"footnotes":""},"categories":[3],"tags":[],"class_list":["post-11025","post","type-post","status-publish","format-standard","hentry","category-hcd-capital"],"rttpg_featured_image_url":null,"rttpg_author":{"display_name":"rober","author_link":"https:\/\/livingmultimediosde.net.ar\/INDEX\/author\/rober\/"},"rttpg_comment":0,"rttpg_category":"<a href=\"https:\/\/livingmultimediosde.net.ar\/INDEX\/category\/hcd-capital\/\" rel=\"category tag\">HCD CAPITAL<\/a>","rttpg_excerpt":"24.09.24 Se celebr\u00f3 al 28va sesi\u00f3n ordinaria del Concejo Deliberante de la capital, presidido por su titular, Humberto Santill\u00e1n, con la presencia de 11 ediles. En la apertura, se realiz\u00f3 el acto de entrega de la Ordenanza, promovida por los ediles del Frente C\u00edvico, Marisa P\u00e9rez Nazar y Carlos Rodolfo Basualdo. La misma, fue recibida&hellip;","_links":{"self":[{"href":"https:\/\/livingmultimediosde.net.ar\/INDEX\/wp-json\/wp\/v2\/posts\/11025","targetHints":{"allow":["GET"]}}],"collection":[{"href":"https:\/\/livingmultimediosde.net.ar\/INDEX\/wp-json\/wp\/v2\/posts"}],"about":[{"href":"https:\/\/livingmultimediosde.net.ar\/INDEX\/wp-json\/wp\/v2\/types\/post"}],"author":[{"embeddable":true,"href":"https:\/\/livingmultimediosde.net.ar\/INDEX\/wp-json\/wp\/v2\/users\/1"}],"replies":[{"embeddable":true,"href":"https:\/\/livingmultimediosde.net.ar\/INDEX\/wp-json\/wp\/v2\/comments?post=11025"}],"version-history":[{"count":1,"href":"https:\/\/livingmultimediosde.net.ar\/INDEX\/wp-json\/wp\/v2\/posts\/11025\/revisions"}],"predecessor-version":[{"id":11027,"href":"https:\/\/livingmultimediosde.net.ar\/INDEX\/wp-json\/wp\/v2\/posts\/11025\/revisions\/11027"}],"wp:attachment":[{"href":"https:\/\/livingmultimediosde.net.ar\/INDEX\/wp-json\/wp\/v2\/media?parent=11025"}],"wp:term":[{"taxonomy":"category","embeddable":true,"href":"https:\/\/livingmultimediosde.net.ar\/INDEX\/wp-json\/wp\/v2\/categories?post=11025"},{"taxonomy":"post_tag","embeddable":true,"href":"https:\/\/livingmultimediosde.net.ar\/INDEX\/wp-json\/wp\/v2\/tags?post=11025"}],"curies":[{"name":"wp","href":"https:\/\/api.w.org\/{rel}","templated":true}]}}