{"id":11022,"date":"2024-09-25T05:01:39","date_gmt":"2024-09-25T05:01:39","guid":{"rendered":"https:\/\/livingmultimediosde.net.ar\/INDEX\/?p=11022"},"modified":"2024-09-25T05:01:43","modified_gmt":"2024-09-25T05:01:43","slug":"hcd-nominan-sector-dr-raul-ricardo-alfonsin-a-complejo-habitacional-en-el-barrio-mariano-moreno","status":"publish","type":"post","link":"https:\/\/livingmultimediosde.net.ar\/INDEX\/2024\/09\/hcd-nominan-sector-dr-raul-ricardo-alfonsin-a-complejo-habitacional-en-el-barrio-mariano-moreno\/","title":{"rendered":"HCD: NOMINAN \u201cSECTOR DR. RA\u00daL RICARDO ALFONS\u00cdN\u201d, A COMPLEJO HABITACIONAL EN EL BARRIO MARIANO MORENO"},"content":{"rendered":"\n<p class=\"wp-block-paragraph\">24.09.24 Se trata del complejo habitacional compuesto de 92 d\u00faplex, ubicado entre las calles Gumersindo Gorosito y Julio Argentino Ger\u00e9z en el barrio Mariano Moreno. Se declar\u00f3 de Inter\u00e9s Cultural, Educativo y Pol\u00edtico el Conversatorio Titulado: \u201cJ\u00f3venes y Pol\u00edticas P\u00fablicas. Necesidades y Desaf\u00edos\u201d, a realizarse este mi\u00e9rcoles 25, a las 19 hs., en el Sal\u00f3n Auditorio de La UCSE. Se llev\u00f3 a cabo la sesi\u00f3n ordinaria 28 del actual per\u00edodo del legislativo municipal, en un clima de tranquilidad y consenso, presidida por su titular, Humberto Santill\u00e1n, con la presencia de 11 concejales.<\/p>\n\n\n\n<p class=\"wp-block-paragraph\">En la apertura de las deliberaciones se concret\u00f3 el acto protocolar de entrega de ordenanza que decl\u00e1ra de Inter\u00e9s Municipal, Social y Educativo la \u201cJornada de Hipertensi\u00f3n Cardiovascular (HTA) en las diferentes etapas de la Vida y Riesgo Cardiovascular\u201d, organizadas por el Ministerio de Salud de Santiago del Estero y el Comit\u00e9 de Hipertensi\u00f3n Arterial de la Federaci\u00f3n Argentina de Cardiolog\u00eda, a llevarse a cabo el d\u00eda 27 de septiembre del a\u00f1o en curso en las instalaciones del Sal\u00f3n \u00d3valo del Parque Sur.<\/p>\n\n\n\n<p class=\"wp-block-paragraph\">Acto seguido se dio inicio a las deliberaciones ocasi\u00f3n en la que, a instancias de ediles del Frente C\u00edvico, se reservaron tres proyectos que fueron tratados sobre tablas y sancionados.<\/p>\n\n\n\n<p class=\"wp-block-paragraph\">Conferencia \u201cCoronel Luis Burela, iniciador de la Guerra Gaucha\u201d<\/p>\n\n\n\n<p class=\"wp-block-paragraph\">En efecto, se sancion\u00f3 la Ordenanza por la que se \u201cdeclara Inter\u00e9s Municipal, Educativo y Social la conferencia bajo el lema \u201cCoronel Luis Burela, iniciador de la Guerra Gaucha\u201d que se realizar\u00e1 el pr\u00f3ximo 27 de septiembre del cte. a\u00f1o en el Sal\u00f3n Auditorio de la H. C\u00e1mara de Diputados de la provincia de Santiago del Estero.<\/p>\n\n\n\n<p class=\"wp-block-paragraph\">Luis Burela (1979-1834), fue uno de los comandantes que acompa\u00f1\u00f3 al general G\u00fcemes en la guerra gaucha durante el per\u00edodo de las luchas por la independencia. La conferencia se organiza con motivo que el pasado 24 de agosto se conmemor\u00f3 los 245 a\u00f1os del natalicio del Gral. Comandante Luis Burela y para dar a conocer a este valiente h\u00e9roe quien all\u00e1 por el a\u00f1o 1814, en el pueblo de Chicoana provincia de Salta convoc\u00f3 a sus vecinos a levantarse contra la invasi\u00f3n del ej\u00e9rcito realista.<\/p>\n\n\n\n<p class=\"wp-block-paragraph\">Dicho ejercito pretend\u00eda ingresar por el norte argentino y tomar nuevamente Buenos Aires, quien luego de casi dos a\u00f1os de resistencia junto a sus gauchos y con la llegada del Gral. Mart\u00edn Miguel de G\u00fcemes, se puso a sus \u00f3rdenes y se convirti\u00f3 en su mano derecha.<\/p>\n\n\n\n<p class=\"wp-block-paragraph\">La mencionada conferencia ser\u00e1 disertada por el Profesor Alberto Barros Blanzari, Director General de Aportes Institucionales de la provincia de Salta, Ministerio de Gobierno DDHH y Trabajo.<\/p>\n\n\n\n<p class=\"wp-block-paragraph\">\u201cXXX Festival Guitarras del Mundo\u201d<\/p>\n\n\n\n<p class=\"wp-block-paragraph\">Asimismo, se sancion\u00f3 la Ordenanza por la que se \u201cdeclara inter\u00e9s municipal, cultural y social el \u201cXXX Festival Guitarras del Mundo\u201d, organizado por la secretar\u00eda de cultura del Consejo Directivo Nacional de la Uni\u00f3n del Personal Civil de la Naci\u00f3n (UPCN), a desarrollarse el 28 de septiembre del a\u00f1o en curso, en las instalaciones del Centro de convenciones FORUM Santiago del Estero.<\/p>\n\n\n\n<p class=\"wp-block-paragraph\">El aludido Festival est\u00e1 auspiciado a nivel nacional por la Secretar\u00eda de Cultura de la Naci\u00f3n y la Asociaci\u00f3n de Guitarras Argentinas.<\/p>\n\n\n\n<p class=\"wp-block-paragraph\">El mismo, se viene realizando a nivel nacional desde el a\u00f1o 1.995 y a nivel provincial, (2 sedes: Capital y Fr\u00edas) desde el a\u00f1o 2000, con un marco importante de p\u00fablico en cada una de las presentaciones realizadas en ambas sedes.<\/p>\n\n\n\n<p class=\"wp-block-paragraph\">Participar\u00e1n artistas de trayectoria nacional e internacional de 16 pa\u00edses, agrupados bajo la direcci\u00f3n art\u00edstica del maestro Juan Fal\u00fa y hasta la fecha se llevan realizadas 29 ediciones, siendo la de este a\u00f1o la trig\u00e9sima edici\u00f3n (XXX\u00ba aniversario del festival). Cabe destacar que han participado alrededor de 1.000 guitarrista de renombre. quienes deleitaron con sus varios ritmos y acordes que van desde lo cl\u00e1sico, contempor\u00e1neo, tango, flamenco, barroco antiguo y folclore regionales de 5 millones de espectadores, por lo que este festival ha sido considerado uno de los m\u00e1s importantes del mundo dedicados a la guitarra. La entrada a este espect\u00e1culo es totalmente gratuita.<\/p>\n\n\n\n<p class=\"wp-block-paragraph\">Conversatorio: \u201cJ\u00f3venes y Pol\u00edticas P\u00fablicas. Necesidades y Desaf\u00edos\u201d<\/p>\n\n\n\n<p class=\"wp-block-paragraph\">Por \u00faltimo, en el cap\u00edtulo de las reservas, se consider\u00f3 y sancion\u00f3 la Ordenanza por la que \u201cse declara de Inter\u00e9s Cultural, Educativo y Pol\u00edtico el Conversatorio Titulado: \u201cJ\u00f3venes y Pol\u00edticas P\u00fablicas. Necesidades y Desaf\u00edos\u201d, a realizarse el 25 de septiembre del cte. a\u00f1o a las 19 hs., en el Sal\u00f3n Auditorio de La UCSE.<\/p>\n\n\n\n<p class=\"wp-block-paragraph\">El conversatorio \u201cFederalismo y Juventudes Militantes, Controversias y Desaf\u00edos Actuales\u201d, estar\u00e1 a cargo del Jefe de Gabinete de ministros, Sr. El\u00edas Miguel Su\u00e1rez y la Ministra de Educaci\u00f3n, Dra. Mariela Nassif.<\/p>\n\n\n\n<p class=\"wp-block-paragraph\">El pasado 26 de agosto del cte. a\u00f1o se conmemor\u00f3 el 57\u00ba Aniversario de la creaci\u00f3n de la Agrupaci\u00f3n Franja Morada, agrupaci\u00f3n pol\u00edtica universitaria surgida de los eventos ocurridos durante la reforma universitaria de 1918, que tuvieron gran relevancia en el gobierno de corriente radical del ex presidente Hip\u00f3lito Irigoyen.<\/p>\n\n\n\n<p class=\"wp-block-paragraph\">Desde el retorno de la democracia hasta la actualidad Franja Morada conduce ininterrumpidamente la Federaci\u00f3n Universitaria Argentina (FUA) m\u00e1ximo \u00f3rgano gremial y de representaci\u00f3n universitaria de nuestro pa\u00eds.<\/p>\n\n\n\n<p class=\"wp-block-paragraph\">Los centros de estudiantes configuran un medio esencial para desarrollar a los j\u00f3venes en pr\u00e1cticas democr\u00e1ticas, republicanas y federales. Ante ello ser\u00e1 altamente satisfactorio reflexionar acerca de los desaf\u00edos e interrogantes que como j\u00f3venes militantes comprometidos con nuestra realidad cotidiana debemos afrontar.<\/p>\n\n\n\n<p class=\"wp-block-paragraph\">Orden del d\u00eda<\/p>\n\n\n\n<p class=\"wp-block-paragraph\">En la ocasi\u00f3n, con despacho de comisi\u00f3n, se sancionaron las siguientes iniciativas:<\/p>\n\n\n\n<p class=\"wp-block-paragraph\">Nom\u00ednase \u201cSector Dr. Ra\u00fal Ricardo Alfons\u00edn\u201d a complejo habitacional<\/p>\n\n\n\n<p class=\"wp-block-paragraph\">Se sancion\u00f3 la Ordenanza, promovida por la bancada del Frente C\u00edvico, por la que \u201cnom\u00ednase \u201cSector Dr. Ra\u00fal Ricardo Alfons\u00edn\u201d, al complejo habitacional compuesto de 92 d\u00faplex, ubicado entre las calles Gumersindo Gorosito y Julio Argentino Ger\u00e9z en el barrio Mariano Moreno, conforme al croquis que se adjunta y forma parte integrante de la presente Ordenanza\u201d.<\/p>\n\n\n\n<p class=\"wp-block-paragraph\">En los fundamentos, se indica que \u201cel pasado 12 de julio del corriente a\u00f1o, el Superior Gobierno de la Provincia, encabezado por el Se\u00f1or Gobernador, Dr. Gerardo Zamora, ministros y funcionarios del gobierno provincial, hizo entrega de viviendas en distintos puntos de la ciudad\u201d.<\/p>\n\n\n\n<p class=\"wp-block-paragraph\">Agrega el autor que \u201centre las unidades adjudicadas se puede destacar el complejo habitacional ubicado en el barrio Mariano Moreno, compuesto de 92 unidades funcionales, tipo d\u00faplex, ubicado entre las calles Gumersindo Gorosito y Julio Argentino Ger\u00e9z, y construido con fondos provinciales y a trav\u00e9s del Instituto Provincial de Vivienda y Urbanismo\u201d.<\/p>\n\n\n\n<p class=\"wp-block-paragraph\">A\u00f1ade que \u201ctan relevante el esfuerzo del gobierno provincial, en materia habitacional, que cada complejo que se construye lleva impl\u00edcita la importancia para los vecinos necesitados de contar con la vivienda propia que les permita desarrollarse como un n\u00facleo familiar\u201d.<\/p>\n\n\n\n<p class=\"wp-block-paragraph\">Se\u00f1ala que \u201cal sector de estas viviendas entregadas recientemente, en la documentaci\u00f3n de adjudicaci\u00f3n se las denomina como barrio \u201cDr. Ra\u00fal Ricardo Alfons\u00edn\u201d, en honor y una manera de rendir un homenaje m\u00e1s a quien fuera denominado \u201cPadre de la Democracia\u201d. Hablar y fundamentar sobre esa nominaci\u00f3n, ser\u00eda redundar de halagos a la m\u00e1xima figura de la democracia argentina\u201d.<\/p>\n\n\n\n<p class=\"wp-block-paragraph\">Concluye que \u201cesta situaci\u00f3n amerita dejar oficialmente denominado el sector habitacional descripto, para permitir una correcta individualizaci\u00f3n del sector y permitir eficiencia en la prestaci\u00f3n de los distintos servicios urbanos\u201d.<\/p>\n\n\n\n<p class=\"wp-block-paragraph\">Concurso de Fotograf\u00eda denominado \u201cCiudad de Santiago del Estero. Elementos de Valor Arquitect\u00f3nico y Paisaj\u00edstico desde la \u00d3ptica Ciudadana\u201d<\/p>\n\n\n\n<p class=\"wp-block-paragraph\">Mismo tr\u00e1mite tuvo la Ordenanza, propiciada por el Frente C\u00edvico, por la que \u201cse declara de Inter\u00e9s Municipal, Social y Cultural al Concurso de Fotograf\u00eda denominado \u201cCiudad de Santiago del Estero. Elementos de Valor Arquitect\u00f3nico y Paisaj\u00edstico desde la \u00d3ptica Ciudadana\u201d, organizado por el Colegio de Arquitectos de Santiago del Estero, y de conformidad a las disposiciones de la Ordenanza N\u00b0 4.803\/2013.<\/p>\n\n\n\n<p class=\"wp-block-paragraph\">En los fundamentos el autor se\u00f1ala que \u201cel evento arriba mencionado tiene como objetivo principal promover la reflexi\u00f3n visual en torno al patrimonio arquitect\u00f3nico, urbano y paisaj\u00edstico de la ciudad de Santiago del Estero, y que en tal sentido la tem\u00e1tica estar\u00e1 referida a elementos construidos a los que la sociedad atribuye en los que la misma reconoce un valor patrimonial arquitect\u00f3nico, paisaj\u00edstico o urbano\u201d.<\/p>\n\n\n\n<p class=\"wp-block-paragraph\">A\u00f1ade que \u201cel concurso es abierto a todo p\u00fablico y podr\u00e1n participar los ciudadanos a partir de los 18 a\u00f1os sin l\u00edmite de edad, sean o no fot\u00f3grafos o artistas visuales que demuestren residencia en esta provincia\u201d.<\/p>\n\n\n\n<p class=\"wp-block-paragraph\">Felicitan a la Profesora Mar\u00eda Bel\u00e9n Paz Vizgarra<\/p>\n\n\n\n<p class=\"wp-block-paragraph\">Se sancion\u00f3 la Ordenanza, promovida por el Frente C\u00edvico, por la que \u201cse felicita a la Profesora Mar\u00eda Bel\u00e9n Paz Vizgarra por consagrarse ganadora del 16\u00b0 Concurso Literario \u201cDe Ana Frank a Nuestros D\u00edas, organizado por el Centro de Ana Frank Argentina\u201d.<\/p>\n\n\n\n<p class=\"wp-block-paragraph\">El autor, al fundar la iniciativa se\u00f1ala que \u201cel 2 de septiembre del corriente a\u00f1o se llev\u00f3 a cabo en la Legislatura de la Ciudad de Buenos Aires la premiaci\u00f3n de los ganadores de 16\u00b0 Concurso Literario \u201cDe Ana Frank a Nuestros D\u00edas\u201d.<\/p>\n\n\n\n<p class=\"wp-block-paragraph\">A\u00f1ade que \u201cdesde su apertura en el a\u00f1o 2009, el centro de Ana Frank Argentina, lleva adelante dicho concurso y el tema central del certamen es la memoria como herramienta para la compresi\u00f3n de los fen\u00f3menos en nuestros d\u00edas\u201d.<\/p>\n\n\n\n<p class=\"wp-block-paragraph\">Afirma que \u201centre sus objetivos est\u00e1 promover la escritura literaria y la expresi\u00f3n entre los j\u00f3venes y docentes de todo el Pa\u00eds\u201d.<\/p>\n\n\n\n<p class=\"wp-block-paragraph\">Sostiene que \u201caprendiendo del legado de Ana Frank, sabemos del poder de las palabras como pr\u00e1ctica de Libertad y de Resistencia, palabras reflejadas en la obra titulada \u201cNUNA\u201d en Quechua significa ESPIRITU\/ALMA, escrita por la Profesora Mar\u00eda Bel\u00e9n Paz Vizgarra; la cual fue una de las obras ganadoras de dicho concurso\u201d.<\/p>\n\n\n\n<p class=\"wp-block-paragraph\">Concluye que \u201cla Docente de Lengua y Literatura con su obra literaria demostr\u00f3 su compromiso con la promoci\u00f3n de los Derechos Humanos y la inclusi\u00f3n Social, habiendo capturando la esencia del tema del concurso, su obra se destac\u00f3 de entre tantas otras por su originalidad, creatividad y habilidad para abordar temas complejos y su capacidad para transmitirlo de manera clara y concisa\u201d.<\/p>\n\n\n\n<p class=\"wp-block-paragraph\">\u201cCongreso Nacional de la Uni\u00f3n Cultural Argentino Libanesa (UCAL)\u201d<\/p>\n\n\n\n<p class=\"wp-block-paragraph\">El Congreso contar\u00e1 con la presencia de miembros de todo el pa\u00eds que se reunir\u00e1n en nuestra ciudad Capital para recrear la cultura, las costumbres y las tradiciones que nos legaron los primeros inmigrantes del pa\u00eds del Cedro.<\/p>\n\n\n\n<p class=\"wp-block-paragraph\">Al efecto, se sancion\u00f3 la Ordenanza por la que \u201cse declara que de Inter\u00e9s Municipal el \u201cCongreso Nacional de la Uni\u00f3n Cultural Argentino Libanesa (UCAL)\u201d, que se llevara a cabo los d\u00edas 27, 28 y 29 de septiembre del a\u00f1o en curso; y en concordancia con las disposiciones de la Ordenanza N\u00b04.803\/2013\u201d.<\/p>\n\n\n\n<p class=\"wp-block-paragraph\">En efecto, el Congreso Nacional de la Uni\u00f3n Cultural Argentino Libanesa (UCAL), es un evento que se realiza anualmente en todas las provincias y en esta oportunidad nuestra provincia ser\u00e1 sede de dicho acontecimiento, y bajo la organizaci\u00f3n en forma conjunta con la instituci\u00f3n Sirio Libanesa.<\/p>\n\n\n\n<p class=\"wp-block-paragraph\">El Congreso contara con la presencia de miembros de todo el pa\u00eds que se reunir\u00e1n en nuestra ciudad Capital para recrear la cultura, las costumbres y las tradiciones de los primeros inmigrantes del pa\u00eds del Cedro.<\/p>\n\n\n\n<p class=\"wp-block-paragraph\">Evento \u201cASICANA Immersion Camp 2024\u201d<\/p>\n\n\n\n<p class=\"wp-block-paragraph\">Tambi\u00e9n se sancion\u00f3 la Ordenanza por la que \u201cse declara de Inter\u00e9s Municipal y Cultural el evento \u201cASICANA Immersion Camp 2024\u201d, que se llevar\u00e1 a cabo el 28 de septiembre del a\u00f1o en curso; y en concordancia con las disposiciones de la Ordenanza N\u00b04.803\/2013\u201d.<\/p>\n\n\n\n<p class=\"wp-block-paragraph\">Dicho evento est\u00e1 auspiciado por la Embajada de los Estados Unidos en Argentina, que re\u00fane a 60 adolescentes de Santiago del Estero, Catamarca, Tucum\u00e1n, Salta y Jujuy para compartir un d\u00eda de talleres y actividades desarrollados exclusivamente en ingl\u00e9s.<\/p>\n\n\n\n<p class=\"wp-block-paragraph\">Los participantes fueron seleccionados de entre los postulantes por su desempe\u00f1o acad\u00e9mico y su inter\u00e9s en perfeccionar su manejo del idioma ingl\u00e9s. Esta edici\u00f3n del campamento tiene como eje el tema de liderazgo juvenil y diversidad.<\/p>\n\n\n\n<p class=\"wp-block-paragraph\">ASICANA, es una asociaci\u00f3n civil sin fines de lucro, cuya misi\u00f3n es estimular el conocimiento y crecimiento humano reciproco de los pueblos de la Rep\u00fablica Argentina y de los Estados Unidos de Am\u00e9rica a trav\u00e9s del fortalecimiento de los v\u00ednculos comunitarios, culturales y educativos entre ambas comunidades.<\/p>\n\n\n\n<p class=\"wp-block-paragraph\">\u201cTurismo: Innovaci\u00f3n y Desarrollo\u201d<\/p>\n\n\n\n<p class=\"wp-block-paragraph\">Se sancion\u00f3 la Ordenanza, promovida por el Frente C\u00edvico, por la que \u201cse felicita a la Direcci\u00f3n de la Carrera en Licenciatura en Turismo de la Universidad Cat\u00f3lica de Santiago del Estero, a la Subsecretaria de Turismo de la Provincia de Santiago del Estero y a la Municipalidad de las Termas de Rio Hondo, por llevar a cabo en conjunto, el evento denominado \u201cTurismo: Innovaci\u00f3n y Desarrollo\u201d que se desarrollar\u00e1 el 25 de septiembre del a\u00f1o en curso, en el Centro Cultural General San Mart\u00edn de las Termas de R\u00edo Hondo, en el marco por el D\u00eda Mundial del Turismo\u201d.<\/p>\n\n\n\n<p class=\"wp-block-paragraph\">El pr\u00f3ximo 27 de septiembre se celebra el \u201cD\u00eda Mundial del Turismo\u201d y por ello se organiza un evento desde la Direcci\u00f3n de la carrera de Licenciatura en Turismo, de la Facultad de Ciencias Econ\u00f3micas de la Universidad Cat\u00f3lica de Santiago del Estero (UCSE), en conjunto con la Subsecretar\u00eda de Turismo de la Provincia y, por primera vez, con el Municipio de las Termas de R\u00edo Hondo.<\/p>\n\n\n\n<p class=\"wp-block-paragraph\">Los objetivos del evento son fomentar la inversi\u00f3n e innovaci\u00f3n en el sector, como factor clave en el desarrollo de los destinos. Generar conciencia tur\u00edstica en la sociedad santiague\u00f1a, ya sea como anfitriones y\/o como potenciales prestadores de servicios, brindar un espacio de encuentro, capacitaci\u00f3n y actualizaci\u00f3n en materia de turismo.<\/p>\n\n\n\n<p class=\"wp-block-paragraph\">Se prev\u00e9 una jornada de encuentro y actualizaci\u00f3n profesional, en el que se ofrecer\u00e1n distintas conferencias a cargo de profesionales destacados del sector tur\u00edstico local y nacional.<\/p>\n\n\n\n<p class=\"wp-block-paragraph\">Dicho evento est\u00e1 destinado para profesionales del turismo y afines, empresarios y trabajadores del sector y estudiantes.<\/p>\n\n\n\n<p class=\"wp-block-paragraph\">Festividad en honor a Nuestra Se\u00f1ora de las Mercedes<\/p>\n\n\n\n<p class=\"wp-block-paragraph\">Por \u00faltimo, a instancias del Frente C\u00edvico, se sancion\u00f3 la Ordenanza que \u201cdeclara de Inter\u00e9s Municipal, Cultural y Social la festividad en honor a Nuestra Se\u00f1ora de las Mercedes, bajo el lema \u201cJunto a Mar\u00eda de la Merced Servidores de Esperanza\u201d, que se llevar\u00e1 a cabo el d\u00eda 24 de septiembre en la Parroquia Nuestra Se\u00f1ora de la Mercedes, ubicada en Urquiza y 24 de septiembre\u201d.<\/p>\n\n\n\n<p class=\"wp-block-paragraph\">Asimismo, felic\u00edtase a la Banda de M\u00fasica de la Polic\u00eda de Santiago del Estero, como tambi\u00e9n a la Orquesta T\u00edpica Santiague\u00f1a por su presentaci\u00f3n en la festividad mencionada en el art\u00edculo precedente\u201d.<\/p>\n\n\n\n<p class=\"wp-block-paragraph\">La festividad en honor a nuestra Se\u00f1ora de las Mercedes posee una relevancia significativa en el contexto hist\u00f3rico, cultural y religioso de Argentina. Distinguida como Redentora de Cautivos, la Virgen de la Merced es reconocida como Generala del Ej\u00e9rcito Argentino, un t\u00edtulo que destaca su influencia y apoyo en las luchas por la independencia y la consolidaci\u00f3n del pa\u00eds.<\/p>\n\n\n\n<p class=\"wp-block-paragraph\">En el contexto provincial, Nuestra Se\u00f1ora de las Mercedes es tambi\u00e9n la Patrona del Superior Gobierno de la Provincia de Santiago del Estero. La devoci\u00f3n a la Virgen ha sido una constante desde los tiempos de Juan Felipe Ibarra, el primer gobernador de la provincia, cuyos restos descansan en este templo. La festividad no solo conmemora a la patrona, sino que tambi\u00e9n refleja la profunda tradici\u00f3n y devoci\u00f3n del pueblo santiague\u00f1o.<\/p>\n\n\n\n<p class=\"wp-block-paragraph\">El reconocimiento oficial de esta festividad permitir\u00e1 destacar la importancia hist\u00f3rica y cultural de Nuestra Se\u00f1ora de las Mercedes, fortalecer nuestras tradiciones y promover un sentido de pertenencia y orgullo en la identidad cultural y religioso de nuestra comunidad.<\/p>\n","protected":false},"excerpt":{"rendered":"<p>24.09.24 Se trata del complejo habitacional compuesto de 92 d\u00faplex, ubicado entre las calles Gumersindo Gorosito y Julio Argentino Ger\u00e9z en el barrio Mariano Moreno. Se declar\u00f3 de Inter\u00e9s Cultural, Educativo y Pol\u00edtico el Conversatorio Titulado: \u201cJ\u00f3venes y Pol\u00edticas P\u00fablicas. Necesidades y Desaf\u00edos\u201d, a realizarse este mi\u00e9rcoles 25, a las 19 hs., en el Sal\u00f3n Auditorio de La UCSE. Se llev\u00f3 a cabo la sesi\u00f3n ordinaria 28 del actual per\u00edodo del legislativo municipal, en un clima de tranquilidad y consenso, presidida por su titular, Humberto Santill\u00e1n, con la presencia de&hellip;<\/p>\n","protected":false},"author":1,"featured_media":0,"comment_status":"open","ping_status":"closed","sticky":false,"template":"","format":"standard","meta":{"footnotes":""},"categories":[3],"tags":[],"class_list":["post-11022","post","type-post","status-publish","format-standard","hentry","category-hcd-capital"],"rttpg_featured_image_url":null,"rttpg_author":{"display_name":"rober","author_link":"https:\/\/livingmultimediosde.net.ar\/INDEX\/author\/rober\/"},"rttpg_comment":0,"rttpg_category":"<a href=\"https:\/\/livingmultimediosde.net.ar\/INDEX\/category\/hcd-capital\/\" rel=\"category tag\">HCD CAPITAL<\/a>","rttpg_excerpt":"24.09.24 Se trata del complejo habitacional compuesto de 92 d\u00faplex, ubicado entre las calles Gumersindo Gorosito y Julio Argentino Ger\u00e9z en el barrio Mariano Moreno. Se declar\u00f3 de Inter\u00e9s Cultural, Educativo y Pol\u00edtico el Conversatorio Titulado: \u201cJ\u00f3venes y Pol\u00edticas P\u00fablicas. Necesidades y Desaf\u00edos\u201d, a realizarse este mi\u00e9rcoles 25, a las 19 hs., en el Sal\u00f3n&hellip;","_links":{"self":[{"href":"https:\/\/livingmultimediosde.net.ar\/INDEX\/wp-json\/wp\/v2\/posts\/11022","targetHints":{"allow":["GET"]}}],"collection":[{"href":"https:\/\/livingmultimediosde.net.ar\/INDEX\/wp-json\/wp\/v2\/posts"}],"about":[{"href":"https:\/\/livingmultimediosde.net.ar\/INDEX\/wp-json\/wp\/v2\/types\/post"}],"author":[{"embeddable":true,"href":"https:\/\/livingmultimediosde.net.ar\/INDEX\/wp-json\/wp\/v2\/users\/1"}],"replies":[{"embeddable":true,"href":"https:\/\/livingmultimediosde.net.ar\/INDEX\/wp-json\/wp\/v2\/comments?post=11022"}],"version-history":[{"count":1,"href":"https:\/\/livingmultimediosde.net.ar\/INDEX\/wp-json\/wp\/v2\/posts\/11022\/revisions"}],"predecessor-version":[{"id":11024,"href":"https:\/\/livingmultimediosde.net.ar\/INDEX\/wp-json\/wp\/v2\/posts\/11022\/revisions\/11024"}],"wp:attachment":[{"href":"https:\/\/livingmultimediosde.net.ar\/INDEX\/wp-json\/wp\/v2\/media?parent=11022"}],"wp:term":[{"taxonomy":"category","embeddable":true,"href":"https:\/\/livingmultimediosde.net.ar\/INDEX\/wp-json\/wp\/v2\/categories?post=11022"},{"taxonomy":"post_tag","embeddable":true,"href":"https:\/\/livingmultimediosde.net.ar\/INDEX\/wp-json\/wp\/v2\/tags?post=11022"}],"curies":[{"name":"wp","href":"https:\/\/api.w.org\/{rel}","templated":true}]}}