{"id":11016,"date":"2024-09-24T04:21:25","date_gmt":"2024-09-24T04:21:25","guid":{"rendered":"https:\/\/livingmultimediosde.net.ar\/INDEX\/?p=11016"},"modified":"2024-09-24T04:21:29","modified_gmt":"2024-09-24T04:21:29","slug":"electricidad-de-la-municipalidad-trabaja-en-la-normalizacion-del-sistema-luminico-de-la-costanera-afectado-por-robos","status":"publish","type":"post","link":"https:\/\/livingmultimediosde.net.ar\/INDEX\/2024\/09\/electricidad-de-la-municipalidad-trabaja-en-la-normalizacion-del-sistema-luminico-de-la-costanera-afectado-por-robos\/","title":{"rendered":"Electricidad de la Municipalidad trabaja en la normalizaci\u00f3n del sistema lum\u00ednico de la costanera afectado por robos"},"content":{"rendered":"\n<p class=\"wp-block-paragraph\">Personal de la Direcci\u00f3n de Electricidad de la Municipalidad de la Capital, realiza trabajos de normalizaci\u00f3n del alumbrado p\u00fablico en la costanera Luis \u201cChacho\u201d Lescano, entre calle de los Intendentes y Alsina, que fue afectado por robos de cables, tapas de borneras y comandos durante el fin de semana.<br>Las acciones de vandalismo afectaron en las luces ornamentales, 36 bajadas y tapas de borneras, mientras que del alumbrado sobre las aceras oeste y este, un total de 25 bajadas fueron sustra\u00eddas. Las tareas de reparaci\u00f3n y colocaci\u00f3n de los artefactos continuar\u00e1n los d\u00edas martes y mi\u00e9rcoles hasta lograr que el sistema funcione nuevamente.<br>Durante, los trabajos tambi\u00e9n se normalizaron los comandos de la Avenida \u201cDiego Maradona\u201d, en el cruce de la autopista \u201cJuan Domingo Per\u00f3n\u201d, al igual que un tablero y una bomba de agua.<br>Como consecuencia de estos hechos, el director de Electricidad, Marcelo Aguilar, indic\u00f3: \u201cPedimos a los ciudadanos que denuncien si ven movimientos, actividades extra\u00f1as o sospechosas y que den aviso a la polic\u00eda. Este es otro da\u00f1o que se hizo al patrimonio de todos los vecinos y a los cuales la Municipalidad destina valiosos recursos para volver a ponerlos operativamente en funcionamiento\u201d.<\/p>\n","protected":false},"excerpt":{"rendered":"<p>Personal de la Direcci\u00f3n de Electricidad de la Municipalidad de la Capital, realiza trabajos de normalizaci\u00f3n del alumbrado p\u00fablico en la costanera Luis \u201cChacho\u201d Lescano, entre calle de los Intendentes y Alsina, que fue afectado por robos de cables, tapas de borneras y comandos durante el fin de semana.Las acciones de vandalismo afectaron en las luces ornamentales, 36 bajadas y tapas de borneras, mientras que del alumbrado sobre las aceras oeste y este, un total de 25 bajadas fueron sustra\u00eddas. Las tareas de reparaci\u00f3n y colocaci\u00f3n de los artefactos continuar\u00e1n&hellip;<\/p>\n","protected":false},"author":1,"featured_media":0,"comment_status":"open","ping_status":"closed","sticky":false,"template":"","format":"standard","meta":{"footnotes":""},"categories":[9],"tags":[],"class_list":["post-11016","post","type-post","status-publish","format-standard","hentry","category-noticias"],"rttpg_featured_image_url":null,"rttpg_author":{"display_name":"rober","author_link":"https:\/\/livingmultimediosde.net.ar\/INDEX\/author\/rober\/"},"rttpg_comment":0,"rttpg_category":"<a href=\"https:\/\/livingmultimediosde.net.ar\/INDEX\/category\/noticias\/\" rel=\"category tag\">NOTICIAS<\/a>","rttpg_excerpt":"Personal de la Direcci\u00f3n de Electricidad de la Municipalidad de la Capital, realiza trabajos de normalizaci\u00f3n del alumbrado p\u00fablico en la costanera Luis \u201cChacho\u201d Lescano, entre calle de los Intendentes y Alsina, que fue afectado por robos de cables, tapas de borneras y comandos durante el fin de semana.Las acciones de vandalismo afectaron en las&hellip;","_links":{"self":[{"href":"https:\/\/livingmultimediosde.net.ar\/INDEX\/wp-json\/wp\/v2\/posts\/11016","targetHints":{"allow":["GET"]}}],"collection":[{"href":"https:\/\/livingmultimediosde.net.ar\/INDEX\/wp-json\/wp\/v2\/posts"}],"about":[{"href":"https:\/\/livingmultimediosde.net.ar\/INDEX\/wp-json\/wp\/v2\/types\/post"}],"author":[{"embeddable":true,"href":"https:\/\/livingmultimediosde.net.ar\/INDEX\/wp-json\/wp\/v2\/users\/1"}],"replies":[{"embeddable":true,"href":"https:\/\/livingmultimediosde.net.ar\/INDEX\/wp-json\/wp\/v2\/comments?post=11016"}],"version-history":[{"count":1,"href":"https:\/\/livingmultimediosde.net.ar\/INDEX\/wp-json\/wp\/v2\/posts\/11016\/revisions"}],"predecessor-version":[{"id":11018,"href":"https:\/\/livingmultimediosde.net.ar\/INDEX\/wp-json\/wp\/v2\/posts\/11016\/revisions\/11018"}],"wp:attachment":[{"href":"https:\/\/livingmultimediosde.net.ar\/INDEX\/wp-json\/wp\/v2\/media?parent=11016"}],"wp:term":[{"taxonomy":"category","embeddable":true,"href":"https:\/\/livingmultimediosde.net.ar\/INDEX\/wp-json\/wp\/v2\/categories?post=11016"},{"taxonomy":"post_tag","embeddable":true,"href":"https:\/\/livingmultimediosde.net.ar\/INDEX\/wp-json\/wp\/v2\/tags?post=11016"}],"curies":[{"name":"wp","href":"https:\/\/api.w.org\/{rel}","templated":true}]}}