{"id":10995,"date":"2024-09-23T14:35:18","date_gmt":"2024-09-23T14:35:18","guid":{"rendered":"https:\/\/livingmultimediosde.net.ar\/INDEX\/?p=10995"},"modified":"2024-09-23T14:35:21","modified_gmt":"2024-09-23T14:35:21","slug":"juan-grabois-fue-escrachado-en-el-aeropuerto-de-ezeiza-y-reacciono-a-quien-le-robe","status":"publish","type":"post","link":"https:\/\/livingmultimediosde.net.ar\/INDEX\/2024\/09\/juan-grabois-fue-escrachado-en-el-aeropuerto-de-ezeiza-y-reacciono-a-quien-le-robe\/","title":{"rendered":"Juan Grabois fue escrachado en el Aeropuerto de Ezeiza y reaccion\u00f3: \u00ab\u00bfA qui\u00e9n le rob\u00e9?\u00bb"},"content":{"rendered":"\n<p class=\"wp-block-paragraph\">El l\u00edder del Movimiento de Trabajadores Excluidos (MTE), Juan Grabois, fue v\u00edctima hoy de una escrache en el Aeropuerto de Ezeiza tras regresar de su visita al Papa Francisco, en Roma, en el marco de la conmemoraci\u00f3n de los 10 a\u00f1os del primer Encuentro Mundial de Movimientos Populares.<\/p>\n\n\n\n<p class=\"wp-block-paragraph\">Al grito de \u201cchorro\u201d y \u201cladr\u00f3n\u201d, un grupo de pasajeros que esperaban para tomar sus vuelos cuestionaron el dirigente social que reaccion\u00f3 a los gritos y debi\u00f3 ser cercado por efectivos policiales mientras los celulares lo apuntaban.<\/p>\n\n\n\n<p class=\"wp-block-paragraph\">\u201c\u00bfA qui\u00e9n le rob\u00e9?\u201d, se lo escucha vociferar a Grabois, visiblemente enojado, y arrastrado por la Polic\u00eda que buscaba cortar con el intercambio. \u201cA nosotros, los argentinos\u201d, le respondi\u00f3 otro de los pasajeros.<\/p>\n\n\n\n<p class=\"wp-block-paragraph\">X de Noticias Argentinas<br>Al respecto, desde su cuenta de X, el dirigente de Patria Grande expres\u00f3: \u201cSigan intentando. Nunca me van a correr de ning\u00fan aeropuerto. Nunca me van a callar. Nosotros no nos rendimos nunca\u201d.<\/p>\n\n\n\n<p class=\"wp-block-paragraph\">X de Juan Grabois<br>Lo cierto es que lo acusan de malversar fondos del Estado a trav\u00e9s del manejo de planes sociales pese a que no hay ninguna causa judicial en curso contra Grabois ni contra ninguna organizaci\u00f3n cercana al dirigente.<\/p>\n\n\n\n<p class=\"wp-block-paragraph\">El pasado viernes, el referente social particip\u00f3 en calidad de miembro del Dicasterio para el Servicio del Desarrollo Humano Integral, y escuch\u00f3 con atenci\u00f3n las fuertes cr\u00edticas del Papa Francisco al gobierno de Javier Milei en materia social.<\/p>\n\n\n\n<p class=\"wp-block-paragraph\">\u201cEl Gobierno se puso firme y en vez de pagar la justicia social pag\u00f3 el gas pimienta, le conven\u00eda\u201d, sentenci\u00f3 el Sumo Pont\u00edfice al tiempo que realiz\u00f3 una defensa de la justicia social, blanco de cuestionamientos del Presidente.<\/p>\n\n\n\n<p class=\"wp-block-paragraph\">Ante representantes de Am\u00e9rica Latina, \u00c1frica, Asia y Europa, y dirigentes argentinos como Alejandro Gramajo, secretario gremial de la UTEP, y Juan Grabois, Francisco les solicit\u00f3 que ayuden a los pol\u00edticos \u201cpara que no se entreguen a los cocodrilos, para que no se arrodillen ante la estatua de oro por miedo al horno\u201d.<\/p>\n\n\n\n<p class=\"wp-block-paragraph\">\u201cUstedes tienen que ser custodios de la Justicia Social, tienen que estar ah\u00ed para recordarles al servicio de qui\u00e9n est\u00e1n, insistiendo, insistiendo, para que hagan justicia\u201d, pidi\u00f3 al tiempo que remarc\u00f3 que se debe seguir \u00abcombatiendo la econom\u00eda criminal con la econom\u00eda popular\u201d.<\/p>\n","protected":false},"excerpt":{"rendered":"<p>El l\u00edder del Movimiento de Trabajadores Excluidos (MTE), Juan Grabois, fue v\u00edctima hoy de una escrache en el Aeropuerto de Ezeiza tras regresar de su visita al Papa Francisco, en Roma, en el marco de la conmemoraci\u00f3n de los 10 a\u00f1os del primer Encuentro Mundial de Movimientos Populares. Al grito de \u201cchorro\u201d y \u201cladr\u00f3n\u201d, un grupo de pasajeros que esperaban para tomar sus vuelos cuestionaron el dirigente social que reaccion\u00f3 a los gritos y debi\u00f3 ser cercado por efectivos policiales mientras los celulares lo apuntaban. \u201c\u00bfA qui\u00e9n le rob\u00e9?\u201d, se&hellip;<\/p>\n","protected":false},"author":1,"featured_media":0,"comment_status":"open","ping_status":"closed","sticky":false,"template":"","format":"standard","meta":{"footnotes":""},"categories":[4],"tags":[],"class_list":["post-10995","post","type-post","status-publish","format-standard","hentry","category-interes-general"],"rttpg_featured_image_url":null,"rttpg_author":{"display_name":"rober","author_link":"https:\/\/livingmultimediosde.net.ar\/INDEX\/author\/rober\/"},"rttpg_comment":0,"rttpg_category":"<a href=\"https:\/\/livingmultimediosde.net.ar\/INDEX\/category\/interes-general\/\" rel=\"category tag\">INTERES GENERAL<\/a>","rttpg_excerpt":"El l\u00edder del Movimiento de Trabajadores Excluidos (MTE), Juan Grabois, fue v\u00edctima hoy de una escrache en el Aeropuerto de Ezeiza tras regresar de su visita al Papa Francisco, en Roma, en el marco de la conmemoraci\u00f3n de los 10 a\u00f1os del primer Encuentro Mundial de Movimientos Populares. Al grito de \u201cchorro\u201d y \u201cladr\u00f3n\u201d, un&hellip;","_links":{"self":[{"href":"https:\/\/livingmultimediosde.net.ar\/INDEX\/wp-json\/wp\/v2\/posts\/10995","targetHints":{"allow":["GET"]}}],"collection":[{"href":"https:\/\/livingmultimediosde.net.ar\/INDEX\/wp-json\/wp\/v2\/posts"}],"about":[{"href":"https:\/\/livingmultimediosde.net.ar\/INDEX\/wp-json\/wp\/v2\/types\/post"}],"author":[{"embeddable":true,"href":"https:\/\/livingmultimediosde.net.ar\/INDEX\/wp-json\/wp\/v2\/users\/1"}],"replies":[{"embeddable":true,"href":"https:\/\/livingmultimediosde.net.ar\/INDEX\/wp-json\/wp\/v2\/comments?post=10995"}],"version-history":[{"count":1,"href":"https:\/\/livingmultimediosde.net.ar\/INDEX\/wp-json\/wp\/v2\/posts\/10995\/revisions"}],"predecessor-version":[{"id":10997,"href":"https:\/\/livingmultimediosde.net.ar\/INDEX\/wp-json\/wp\/v2\/posts\/10995\/revisions\/10997"}],"wp:attachment":[{"href":"https:\/\/livingmultimediosde.net.ar\/INDEX\/wp-json\/wp\/v2\/media?parent=10995"}],"wp:term":[{"taxonomy":"category","embeddable":true,"href":"https:\/\/livingmultimediosde.net.ar\/INDEX\/wp-json\/wp\/v2\/categories?post=10995"},{"taxonomy":"post_tag","embeddable":true,"href":"https:\/\/livingmultimediosde.net.ar\/INDEX\/wp-json\/wp\/v2\/tags?post=10995"}],"curies":[{"name":"wp","href":"https:\/\/api.w.org\/{rel}","templated":true}]}}