{"id":10986,"date":"2024-09-23T04:26:51","date_gmt":"2024-09-23T04:26:51","guid":{"rendered":"https:\/\/livingmultimediosde.net.ar\/INDEX\/?p=10986"},"modified":"2024-09-23T04:26:57","modified_gmt":"2024-09-23T04:26:57","slug":"vibrante-final-de-la-7-fecha-del-porsche-cup-brasil-en-el-autodromo-internacional-de-las-termas-de-rio-hondo","status":"publish","type":"post","link":"https:\/\/livingmultimediosde.net.ar\/INDEX\/2024\/09\/vibrante-final-de-la-7-fecha-del-porsche-cup-brasil-en-el-autodromo-internacional-de-las-termas-de-rio-hondo\/","title":{"rendered":"VIBRANTE FINAL DE LA 7\u00b0 FECHA DEL PORSCHE CUP BRASIL EN EL AUT\u00d3DROMO INTERNACIONAL DE LAS TERMAS DE R\u00cdO HONDO"},"content":{"rendered":"\n<p class=\"wp-block-paragraph\">El binomio Mar\u00e7al M\u00fcller-Enzo Elias se qued\u00f3 este domingo con el lugar m\u00e1s alto del podio de la s\u00e9ptima fecha de la Porsche Endurance Challenge Cup Brasil, que se desarroll\u00f3 en el Aut\u00f3dromo Internacional de Las Termas de R\u00edo Hondo.<br>El segundo lugar fue para el binomio W. Neuebauer-R. Barrichelo, y el tercer puesto para P. Boesel\/R. Mauricio.<br>El gobernador Gerardo Zamora estuvo en el circuito y particip\u00f3 de la ceremonia previa a la largada, junto a H\u00e9ctor \u00abToti\u00bb Fari\u00f1a, director del Aut\u00f3dromo Internacional; Jalo Cano, director del Museo; Dener Pires de Motor Sport, el promotor Juan Castelli y miembros de la organizaci\u00f3n de la competencia.<br>Luego, las autoridades de Porsche Brasil le obsequiaron al mandatario provincial un capot que se sumar\u00e1 al museo como una pieza de exhibici\u00f3n.<\/p>\n","protected":false},"excerpt":{"rendered":"<p>El binomio Mar\u00e7al M\u00fcller-Enzo Elias se qued\u00f3 este domingo con el lugar m\u00e1s alto del podio de la s\u00e9ptima fecha de la Porsche Endurance Challenge Cup Brasil, que se desarroll\u00f3 en el Aut\u00f3dromo Internacional de Las Termas de R\u00edo Hondo.El segundo lugar fue para el binomio W. Neuebauer-R. Barrichelo, y el tercer puesto para P. Boesel\/R. Mauricio.El gobernador Gerardo Zamora estuvo en el circuito y particip\u00f3 de la ceremonia previa a la largada, junto a H\u00e9ctor \u00abToti\u00bb Fari\u00f1a, director del Aut\u00f3dromo Internacional; Jalo Cano, director del Museo; Dener Pires de&hellip;<\/p>\n","protected":false},"author":1,"featured_media":0,"comment_status":"open","ping_status":"closed","sticky":false,"template":"","format":"standard","meta":{"footnotes":""},"categories":[1],"tags":[],"class_list":["post-10986","post","type-post","status-publish","format-standard","hentry","category-uncategorized"],"rttpg_featured_image_url":null,"rttpg_author":{"display_name":"rober","author_link":"https:\/\/livingmultimediosde.net.ar\/INDEX\/author\/rober\/"},"rttpg_comment":0,"rttpg_category":"<a href=\"https:\/\/livingmultimediosde.net.ar\/INDEX\/category\/uncategorized\/\" rel=\"category tag\">Uncategorized<\/a>","rttpg_excerpt":"El binomio Mar\u00e7al M\u00fcller-Enzo Elias se qued\u00f3 este domingo con el lugar m\u00e1s alto del podio de la s\u00e9ptima fecha de la Porsche Endurance Challenge Cup Brasil, que se desarroll\u00f3 en el Aut\u00f3dromo Internacional de Las Termas de R\u00edo Hondo.El segundo lugar fue para el binomio W. Neuebauer-R. Barrichelo, y el tercer puesto para P.&hellip;","_links":{"self":[{"href":"https:\/\/livingmultimediosde.net.ar\/INDEX\/wp-json\/wp\/v2\/posts\/10986","targetHints":{"allow":["GET"]}}],"collection":[{"href":"https:\/\/livingmultimediosde.net.ar\/INDEX\/wp-json\/wp\/v2\/posts"}],"about":[{"href":"https:\/\/livingmultimediosde.net.ar\/INDEX\/wp-json\/wp\/v2\/types\/post"}],"author":[{"embeddable":true,"href":"https:\/\/livingmultimediosde.net.ar\/INDEX\/wp-json\/wp\/v2\/users\/1"}],"replies":[{"embeddable":true,"href":"https:\/\/livingmultimediosde.net.ar\/INDEX\/wp-json\/wp\/v2\/comments?post=10986"}],"version-history":[{"count":1,"href":"https:\/\/livingmultimediosde.net.ar\/INDEX\/wp-json\/wp\/v2\/posts\/10986\/revisions"}],"predecessor-version":[{"id":10988,"href":"https:\/\/livingmultimediosde.net.ar\/INDEX\/wp-json\/wp\/v2\/posts\/10986\/revisions\/10988"}],"wp:attachment":[{"href":"https:\/\/livingmultimediosde.net.ar\/INDEX\/wp-json\/wp\/v2\/media?parent=10986"}],"wp:term":[{"taxonomy":"category","embeddable":true,"href":"https:\/\/livingmultimediosde.net.ar\/INDEX\/wp-json\/wp\/v2\/categories?post=10986"},{"taxonomy":"post_tag","embeddable":true,"href":"https:\/\/livingmultimediosde.net.ar\/INDEX\/wp-json\/wp\/v2\/tags?post=10986"}],"curies":[{"name":"wp","href":"https:\/\/api.w.org\/{rel}","templated":true}]}}