{"id":10981,"date":"2024-09-23T04:21:30","date_gmt":"2024-09-23T04:21:30","guid":{"rendered":"https:\/\/livingmultimediosde.net.ar\/INDEX\/?p=10981"},"modified":"2024-09-23T04:21:32","modified_gmt":"2024-09-23T04:21:32","slug":"el-26-y-27-pagaran-sueldos-a-la-administracion-publica-provincial","status":"publish","type":"post","link":"https:\/\/livingmultimediosde.net.ar\/INDEX\/2024\/09\/el-26-y-27-pagaran-sueldos-a-la-administracion-publica-provincial\/","title":{"rendered":"EL 26 Y 27 PAGAR\u00c1N SUELDOS A LA ADMINISTRACI\u00d3N P\u00daBLICA PROVINCIAL"},"content":{"rendered":"\n<p class=\"wp-block-paragraph\">El Ministerio de Econom\u00eda informa que el pr\u00f3ximo jueves 26 y viernes 27 se har\u00e1 efectivo el pago de sueldos de septiembre a todo el personal de la administraci\u00f3n p\u00fablica provincial.<br>El pago se har\u00e1 seg\u00fan el \u00faltimo d\u00edgito del DNI, conforme al siguiente cronograma: El jueves 26 estar\u00e1 disponible para las personas cuyos documentos finalizan en 0, 1, 2, 3 o 4.<br>En tanto, el viernes 27 se habilitar\u00e1 el pago a los agentes con DNI terminados en 5, 6, 7, 8 o 9.<\/p>\n","protected":false},"excerpt":{"rendered":"<p>El Ministerio de Econom\u00eda informa que el pr\u00f3ximo jueves 26 y viernes 27 se har\u00e1 efectivo el pago de sueldos de septiembre a todo el personal de la administraci\u00f3n p\u00fablica provincial.El pago se har\u00e1 seg\u00fan el \u00faltimo d\u00edgito del DNI, conforme al siguiente cronograma: El jueves 26 estar\u00e1 disponible para las personas cuyos documentos finalizan en 0, 1, 2, 3 o 4.En tanto, el viernes 27 se habilitar\u00e1 el pago a los agentes con DNI terminados en 5, 6, 7, 8 o 9.<\/p>\n","protected":false},"author":1,"featured_media":0,"comment_status":"open","ping_status":"closed","sticky":false,"template":"","format":"standard","meta":{"footnotes":""},"categories":[9],"tags":[],"class_list":["post-10981","post","type-post","status-publish","format-standard","hentry","category-noticias"],"rttpg_featured_image_url":null,"rttpg_author":{"display_name":"rober","author_link":"https:\/\/livingmultimediosde.net.ar\/INDEX\/author\/rober\/"},"rttpg_comment":0,"rttpg_category":"<a href=\"https:\/\/livingmultimediosde.net.ar\/INDEX\/category\/noticias\/\" rel=\"category tag\">NOTICIAS<\/a>","rttpg_excerpt":"El Ministerio de Econom\u00eda informa que el pr\u00f3ximo jueves 26 y viernes 27 se har\u00e1 efectivo el pago de sueldos de septiembre a todo el personal de la administraci\u00f3n p\u00fablica provincial.El pago se har\u00e1 seg\u00fan el \u00faltimo d\u00edgito del DNI, conforme al siguiente cronograma: El jueves 26 estar\u00e1 disponible para las personas cuyos documentos finalizan&hellip;","_links":{"self":[{"href":"https:\/\/livingmultimediosde.net.ar\/INDEX\/wp-json\/wp\/v2\/posts\/10981","targetHints":{"allow":["GET"]}}],"collection":[{"href":"https:\/\/livingmultimediosde.net.ar\/INDEX\/wp-json\/wp\/v2\/posts"}],"about":[{"href":"https:\/\/livingmultimediosde.net.ar\/INDEX\/wp-json\/wp\/v2\/types\/post"}],"author":[{"embeddable":true,"href":"https:\/\/livingmultimediosde.net.ar\/INDEX\/wp-json\/wp\/v2\/users\/1"}],"replies":[{"embeddable":true,"href":"https:\/\/livingmultimediosde.net.ar\/INDEX\/wp-json\/wp\/v2\/comments?post=10981"}],"version-history":[{"count":1,"href":"https:\/\/livingmultimediosde.net.ar\/INDEX\/wp-json\/wp\/v2\/posts\/10981\/revisions"}],"predecessor-version":[{"id":10982,"href":"https:\/\/livingmultimediosde.net.ar\/INDEX\/wp-json\/wp\/v2\/posts\/10981\/revisions\/10982"}],"wp:attachment":[{"href":"https:\/\/livingmultimediosde.net.ar\/INDEX\/wp-json\/wp\/v2\/media?parent=10981"}],"wp:term":[{"taxonomy":"category","embeddable":true,"href":"https:\/\/livingmultimediosde.net.ar\/INDEX\/wp-json\/wp\/v2\/categories?post=10981"},{"taxonomy":"post_tag","embeddable":true,"href":"https:\/\/livingmultimediosde.net.ar\/INDEX\/wp-json\/wp\/v2\/tags?post=10981"}],"curies":[{"name":"wp","href":"https:\/\/api.w.org\/{rel}","templated":true}]}}