{"id":10965,"date":"2024-09-19T19:32:35","date_gmt":"2024-09-19T19:32:35","guid":{"rendered":"https:\/\/livingmultimediosde.net.ar\/INDEX\/?p=10965"},"modified":"2024-09-19T19:32:38","modified_gmt":"2024-09-19T19:32:38","slug":"autoridades-del-incucai-visitaron-al-gobernador-gerardo-zamora","status":"publish","type":"post","link":"https:\/\/livingmultimediosde.net.ar\/INDEX\/2024\/09\/autoridades-del-incucai-visitaron-al-gobernador-gerardo-zamora\/","title":{"rendered":"AUTORIDADES DEL INCUCAI VISITARON AL GOBERNADOR GERARDO ZAMORA"},"content":{"rendered":"\n<p class=\"wp-block-paragraph\">En la ma\u00f1ana de este jueves el gobernador Gerardo Zamora recibi\u00f3 en Casa de Gobierno la visita de autoridades del Instituto Nacional Central \u00danico Coordinador de Ablaci\u00f3n e Implante (Incucai).<br>Del encuentro participaron el presidente del instituto, Carlos Soratti; el vicepresidente Richard Malan; la directora Gabriela Hidalgo y el coordinador del Programa Procurar, Mart\u00edn Cuestas; junto con la ministra de Salud, Natividad Nassif; el secretario de Salud Cesar Monti y la referente jurisdiccional del Incucai en Santiago del Estero, Ana Vanina Lezcano.<br>Tras el encuentro, Soratti coment\u00f3 que durante su estad\u00eda en la provincia pudo firmar convenios para la puesta en marcha de consultorios de enfermedad renal cr\u00f3nica avanzada en el Hospital Regional y en el CIS Banda.<br>\u201cNos comprometimos a volver a Santiago para seguir avanzando en el desarrollo de la actividad de donaci\u00f3n y trasplante. La provincia viene dando pasos importantes, tiene por delante muchos proyectos tambi\u00e9n para cumplir, incluyendo el trasplante renal en el sistema provincial de salud\u201d, precis\u00f3.<br>Tambi\u00e9n destac\u00f3 el contacto ameno que tuvo con el mandatario santiague\u00f1o. Dijo: \u201cEn esta ocasi\u00f3n compartimos y sobre todo escuchamos desde la experiencia de quien gestiona la provincia\u201d, y valor\u00f3 su apoyo a todas las iniciativas relacionadas con una mejor calidad de vida para los ciudadanos.<br>Seguidamente, Richard Malan dijo que el recorrido que pudieron hacer por distintos centros de salud de la provincia les permiti\u00f3 conocer a muchos profesionales locales y preparar las condiciones para que puedan desarrollar acciones conjuntas.<\/p>\n","protected":false},"excerpt":{"rendered":"<p>En la ma\u00f1ana de este jueves el gobernador Gerardo Zamora recibi\u00f3 en Casa de Gobierno la visita de autoridades del Instituto Nacional Central \u00danico Coordinador de Ablaci\u00f3n e Implante (Incucai).Del encuentro participaron el presidente del instituto, Carlos Soratti; el vicepresidente Richard Malan; la directora Gabriela Hidalgo y el coordinador del Programa Procurar, Mart\u00edn Cuestas; junto con la ministra de Salud, Natividad Nassif; el secretario de Salud Cesar Monti y la referente jurisdiccional del Incucai en Santiago del Estero, Ana Vanina Lezcano.Tras el encuentro, Soratti coment\u00f3 que durante su estad\u00eda en&hellip;<\/p>\n","protected":false},"author":1,"featured_media":0,"comment_status":"open","ping_status":"closed","sticky":true,"template":"","format":"standard","meta":{"footnotes":""},"categories":[9],"tags":[],"class_list":["post-10965","post","type-post","status-publish","format-standard","hentry","category-noticias"],"rttpg_featured_image_url":null,"rttpg_author":{"display_name":"rober","author_link":"https:\/\/livingmultimediosde.net.ar\/INDEX\/author\/rober\/"},"rttpg_comment":0,"rttpg_category":"<a href=\"https:\/\/livingmultimediosde.net.ar\/INDEX\/category\/noticias\/\" rel=\"category tag\">NOTICIAS<\/a>","rttpg_excerpt":"En la ma\u00f1ana de este jueves el gobernador Gerardo Zamora recibi\u00f3 en Casa de Gobierno la visita de autoridades del Instituto Nacional Central \u00danico Coordinador de Ablaci\u00f3n e Implante (Incucai).Del encuentro participaron el presidente del instituto, Carlos Soratti; el vicepresidente Richard Malan; la directora Gabriela Hidalgo y el coordinador del Programa Procurar, Mart\u00edn Cuestas; junto&hellip;","_links":{"self":[{"href":"https:\/\/livingmultimediosde.net.ar\/INDEX\/wp-json\/wp\/v2\/posts\/10965","targetHints":{"allow":["GET"]}}],"collection":[{"href":"https:\/\/livingmultimediosde.net.ar\/INDEX\/wp-json\/wp\/v2\/posts"}],"about":[{"href":"https:\/\/livingmultimediosde.net.ar\/INDEX\/wp-json\/wp\/v2\/types\/post"}],"author":[{"embeddable":true,"href":"https:\/\/livingmultimediosde.net.ar\/INDEX\/wp-json\/wp\/v2\/users\/1"}],"replies":[{"embeddable":true,"href":"https:\/\/livingmultimediosde.net.ar\/INDEX\/wp-json\/wp\/v2\/comments?post=10965"}],"version-history":[{"count":1,"href":"https:\/\/livingmultimediosde.net.ar\/INDEX\/wp-json\/wp\/v2\/posts\/10965\/revisions"}],"predecessor-version":[{"id":10967,"href":"https:\/\/livingmultimediosde.net.ar\/INDEX\/wp-json\/wp\/v2\/posts\/10965\/revisions\/10967"}],"wp:attachment":[{"href":"https:\/\/livingmultimediosde.net.ar\/INDEX\/wp-json\/wp\/v2\/media?parent=10965"}],"wp:term":[{"taxonomy":"category","embeddable":true,"href":"https:\/\/livingmultimediosde.net.ar\/INDEX\/wp-json\/wp\/v2\/categories?post=10965"},{"taxonomy":"post_tag","embeddable":true,"href":"https:\/\/livingmultimediosde.net.ar\/INDEX\/wp-json\/wp\/v2\/tags?post=10965"}],"curies":[{"name":"wp","href":"https:\/\/api.w.org\/{rel}","templated":true}]}}