{"id":10946,"date":"2024-09-18T14:16:39","date_gmt":"2024-09-18T14:16:39","guid":{"rendered":"https:\/\/livingmultimediosde.net.ar\/INDEX\/?p=10946"},"modified":"2024-09-18T14:16:41","modified_gmt":"2024-09-18T14:16:41","slug":"kamala-harris-pidio-el-fin-de-las-hostilidades-en-medio-oriente","status":"publish","type":"post","link":"https:\/\/livingmultimediosde.net.ar\/INDEX\/2024\/09\/kamala-harris-pidio-el-fin-de-las-hostilidades-en-medio-oriente\/","title":{"rendered":"Kamala Harris pidi\u00f3 el fin de las hostilidades en Medio Oriente"},"content":{"rendered":"\n<p class=\"wp-block-paragraph\">La candidata dem\u00f3crata a la presidencia de los Estados Unidos, Kamala Harris, pidi\u00f3 este martes el fin de la guerra entre Israel y Gaza.<\/p>\n\n\n\n<p class=\"wp-block-paragraph\">Advirti\u00f3 que Israel no debe volver a ocupar el enclave palestino una vez que el conflicto de casi un a\u00f1o llegue a su fin.<\/p>\n\n\n\n<p class=\"wp-block-paragraph\">En un discurso pronunciado en Filadelfia ante la Asociaci\u00f3n Nacional de Periodistas Negros, pidi\u00f3 un alto el fuego entre Israel y los militantes palestinos de Ham\u00e1s, una soluci\u00f3n de dos Estados y la estabilidad en Oriente Medio de una manera que no fortalezca a Ir\u00e1n.<\/p>\n\n\n\n<p class=\"wp-block-paragraph\">\u00abHemos sido muy claros en que este acuerdo debe realizarse en el mejor inter\u00e9s de todos en la regi\u00f3n\u00bb, respondi\u00f3 Harris a tres periodistas que profundizaron en el tema.<\/p>\n\n\n\n<p class=\"wp-block-paragraph\">La actividad se dio en un foro organizado en Filadelfia por la Asociaci\u00f3n Nacional de Periodistas Negros.<\/p>\n\n\n\n<p class=\"wp-block-paragraph\">La aparici\u00f3n de su rival republicano Donald Trump en ese evento en julio gener\u00f3 controversia por sus comentarios cuestionando la identidad racial de Harris y su trato a uno de los moderadores en una l\u00ednea de preguntas que consider\u00f3 injusta.<\/p>\n\n\n\n<p class=\"wp-block-paragraph\">Tanto Harris como Trump se esforzaron por ganarse a los votantes negros, cuyo apoyo puede ser decisivo en las re\u00f1idas elecciones de noviembre de 2024, seg\u00fan analiz\u00f3 la agencia de noticias Reuters.<\/p>\n\n\n\n<p class=\"wp-block-paragraph\">Los votantes negros son tradicionalmente un bloque electoral dem\u00f3crata leal y apoyaron a Biden con un 92% frente a un 8% frente a Trump en 2020, seg\u00fan el Pew Research Center.<\/p>\n\n\n\n<p class=\"wp-block-paragraph\">\u00abLos hombres negros son como cualquier otro grupo de votantes. Hay que ganarse su voto\u00bb, se\u00f1al\u00f3 Harris.<\/p>\n","protected":false},"excerpt":{"rendered":"<p>La candidata dem\u00f3crata a la presidencia de los Estados Unidos, Kamala Harris, pidi\u00f3 este martes el fin de la guerra entre Israel y Gaza. Advirti\u00f3 que Israel no debe volver a ocupar el enclave palestino una vez que el conflicto de casi un a\u00f1o llegue a su fin. En un discurso pronunciado en Filadelfia ante la Asociaci\u00f3n Nacional de Periodistas Negros, pidi\u00f3 un alto el fuego entre Israel y los militantes palestinos de Ham\u00e1s, una soluci\u00f3n de dos Estados y la estabilidad en Oriente Medio de una manera que no&hellip;<\/p>\n","protected":false},"author":1,"featured_media":0,"comment_status":"open","ping_status":"closed","sticky":false,"template":"","format":"standard","meta":{"footnotes":""},"categories":[4],"tags":[],"class_list":["post-10946","post","type-post","status-publish","format-standard","hentry","category-interes-general"],"rttpg_featured_image_url":null,"rttpg_author":{"display_name":"rober","author_link":"https:\/\/livingmultimediosde.net.ar\/INDEX\/author\/rober\/"},"rttpg_comment":0,"rttpg_category":"<a href=\"https:\/\/livingmultimediosde.net.ar\/INDEX\/category\/interes-general\/\" rel=\"category tag\">INTERES GENERAL<\/a>","rttpg_excerpt":"La candidata dem\u00f3crata a la presidencia de los Estados Unidos, Kamala Harris, pidi\u00f3 este martes el fin de la guerra entre Israel y Gaza. Advirti\u00f3 que Israel no debe volver a ocupar el enclave palestino una vez que el conflicto de casi un a\u00f1o llegue a su fin. En un discurso pronunciado en Filadelfia ante&hellip;","_links":{"self":[{"href":"https:\/\/livingmultimediosde.net.ar\/INDEX\/wp-json\/wp\/v2\/posts\/10946","targetHints":{"allow":["GET"]}}],"collection":[{"href":"https:\/\/livingmultimediosde.net.ar\/INDEX\/wp-json\/wp\/v2\/posts"}],"about":[{"href":"https:\/\/livingmultimediosde.net.ar\/INDEX\/wp-json\/wp\/v2\/types\/post"}],"author":[{"embeddable":true,"href":"https:\/\/livingmultimediosde.net.ar\/INDEX\/wp-json\/wp\/v2\/users\/1"}],"replies":[{"embeddable":true,"href":"https:\/\/livingmultimediosde.net.ar\/INDEX\/wp-json\/wp\/v2\/comments?post=10946"}],"version-history":[{"count":1,"href":"https:\/\/livingmultimediosde.net.ar\/INDEX\/wp-json\/wp\/v2\/posts\/10946\/revisions"}],"predecessor-version":[{"id":10948,"href":"https:\/\/livingmultimediosde.net.ar\/INDEX\/wp-json\/wp\/v2\/posts\/10946\/revisions\/10948"}],"wp:attachment":[{"href":"https:\/\/livingmultimediosde.net.ar\/INDEX\/wp-json\/wp\/v2\/media?parent=10946"}],"wp:term":[{"taxonomy":"category","embeddable":true,"href":"https:\/\/livingmultimediosde.net.ar\/INDEX\/wp-json\/wp\/v2\/categories?post=10946"},{"taxonomy":"post_tag","embeddable":true,"href":"https:\/\/livingmultimediosde.net.ar\/INDEX\/wp-json\/wp\/v2\/tags?post=10946"}],"curies":[{"name":"wp","href":"https:\/\/api.w.org\/{rel}","templated":true}]}}