{"id":10931,"date":"2024-09-18T14:04:10","date_gmt":"2024-09-18T14:04:10","guid":{"rendered":"https:\/\/livingmultimediosde.net.ar\/INDEX\/?p=10931"},"modified":"2024-09-18T14:04:12","modified_gmt":"2024-09-18T14:04:12","slug":"la-intendente-fuentes-recibio-en-el-salon-de-acuerdos-a-la-comision-organizadora-del-forum-de-infancias","status":"publish","type":"post","link":"https:\/\/livingmultimediosde.net.ar\/INDEX\/2024\/09\/la-intendente-fuentes-recibio-en-el-salon-de-acuerdos-a-la-comision-organizadora-del-forum-de-infancias\/","title":{"rendered":"La intendente Fuentes recibi\u00f3 en el sal\u00f3n de acuerdos a la comisi\u00f3n organizadora del F\u00f3rum de Infancias"},"content":{"rendered":"\n<p class=\"wp-block-paragraph\">La intendente de la Capital, Ing. Norma Fuentes, recibi\u00f3 en el sal\u00f3n de acuerdos de la municipalidad a los organizadores del IX Encuentro Nacional F\u00f3rum Infancias Red Federal que se realizar\u00e1 el pr\u00f3ximo 4 y 5 de octubre.<br>Durante la reuni\u00f3n estuvieron presentes la Lic. Candela Ch\u00e1vez, presidenta del F\u00f3rum Infancias Santiago del Estero; la psicomotricista Lourdes Calder\u00f3n, tesorera, y Ana Sol Orellano, vocal.<br>All\u00ed, le informaron a la jefa comunal que se trata de un evento interdisciplinario e intersectorial y que esperan a todos los que trabajen con infancias y adolescencias en Santiago del Estero.<br>Indicaron que el encuentro que se desarrollar\u00e1 en el Centro de Convenciones F\u00f3rum contar\u00e1 con referentes nacionales, internacionales y locales.<\/p>\n","protected":false},"excerpt":{"rendered":"<p>La intendente de la Capital, Ing. Norma Fuentes, recibi\u00f3 en el sal\u00f3n de acuerdos de la municipalidad a los organizadores del IX Encuentro Nacional F\u00f3rum Infancias Red Federal que se realizar\u00e1 el pr\u00f3ximo 4 y 5 de octubre.Durante la reuni\u00f3n estuvieron presentes la Lic. Candela Ch\u00e1vez, presidenta del F\u00f3rum Infancias Santiago del Estero; la psicomotricista Lourdes Calder\u00f3n, tesorera, y Ana Sol Orellano, vocal.All\u00ed, le informaron a la jefa comunal que se trata de un evento interdisciplinario e intersectorial y que esperan a todos los que trabajen con infancias y adolescencias&hellip;<\/p>\n","protected":false},"author":1,"featured_media":0,"comment_status":"open","ping_status":"closed","sticky":false,"template":"","format":"standard","meta":{"footnotes":""},"categories":[9],"tags":[],"class_list":["post-10931","post","type-post","status-publish","format-standard","hentry","category-noticias"],"rttpg_featured_image_url":null,"rttpg_author":{"display_name":"rober","author_link":"https:\/\/livingmultimediosde.net.ar\/INDEX\/author\/rober\/"},"rttpg_comment":0,"rttpg_category":"<a href=\"https:\/\/livingmultimediosde.net.ar\/INDEX\/category\/noticias\/\" rel=\"category tag\">NOTICIAS<\/a>","rttpg_excerpt":"La intendente de la Capital, Ing. Norma Fuentes, recibi\u00f3 en el sal\u00f3n de acuerdos de la municipalidad a los organizadores del IX Encuentro Nacional F\u00f3rum Infancias Red Federal que se realizar\u00e1 el pr\u00f3ximo 4 y 5 de octubre.Durante la reuni\u00f3n estuvieron presentes la Lic. Candela Ch\u00e1vez, presidenta del F\u00f3rum Infancias Santiago del Estero; la psicomotricista&hellip;","_links":{"self":[{"href":"https:\/\/livingmultimediosde.net.ar\/INDEX\/wp-json\/wp\/v2\/posts\/10931","targetHints":{"allow":["GET"]}}],"collection":[{"href":"https:\/\/livingmultimediosde.net.ar\/INDEX\/wp-json\/wp\/v2\/posts"}],"about":[{"href":"https:\/\/livingmultimediosde.net.ar\/INDEX\/wp-json\/wp\/v2\/types\/post"}],"author":[{"embeddable":true,"href":"https:\/\/livingmultimediosde.net.ar\/INDEX\/wp-json\/wp\/v2\/users\/1"}],"replies":[{"embeddable":true,"href":"https:\/\/livingmultimediosde.net.ar\/INDEX\/wp-json\/wp\/v2\/comments?post=10931"}],"version-history":[{"count":1,"href":"https:\/\/livingmultimediosde.net.ar\/INDEX\/wp-json\/wp\/v2\/posts\/10931\/revisions"}],"predecessor-version":[{"id":10933,"href":"https:\/\/livingmultimediosde.net.ar\/INDEX\/wp-json\/wp\/v2\/posts\/10931\/revisions\/10933"}],"wp:attachment":[{"href":"https:\/\/livingmultimediosde.net.ar\/INDEX\/wp-json\/wp\/v2\/media?parent=10931"}],"wp:term":[{"taxonomy":"category","embeddable":true,"href":"https:\/\/livingmultimediosde.net.ar\/INDEX\/wp-json\/wp\/v2\/categories?post=10931"},{"taxonomy":"post_tag","embeddable":true,"href":"https:\/\/livingmultimediosde.net.ar\/INDEX\/wp-json\/wp\/v2\/tags?post=10931"}],"curies":[{"name":"wp","href":"https:\/\/api.w.org\/{rel}","templated":true}]}}