{"id":10928,"date":"2024-09-18T14:01:57","date_gmt":"2024-09-18T14:01:57","guid":{"rendered":"https:\/\/livingmultimediosde.net.ar\/INDEX\/?p=10928"},"modified":"2024-09-18T14:02:02","modified_gmt":"2024-09-18T14:02:02","slug":"hcd-sancionan-diversas-declaraciones-de-interes-municipal","status":"publish","type":"post","link":"https:\/\/livingmultimediosde.net.ar\/INDEX\/2024\/09\/hcd-sancionan-diversas-declaraciones-de-interes-municipal\/","title":{"rendered":"HCD: Sancionan diversas declaraciones de inter\u00e9s municipal"},"content":{"rendered":"\n<p class=\"wp-block-paragraph\">Con la normalidad caracter\u00edstica se desarroll\u00f3 Sesi\u00f3n Ordinaria del H. Concejo Deliberante de la Capital, presidido por su titular, Humberto Santill\u00e1n, y la presencia de diez concejales.<br>Durante el transcurso de la sesi\u00f3n, la bancada del Frente C\u00edvico solicit\u00f3 la reserva, el tratamiento sobre tablas para la sanci\u00f3n de ordenanzas de declaraci\u00f3n de inter\u00e9s<br>En primera instancia de la concejal P\u00e9rez Nazar, se solicit\u00f3 la sanci\u00f3n de la ordenanza declarando de Inter\u00e9s Cultural, Educativo y Social el Conversatorio titulado: \u201cJ\u00f3venes y Pol\u00edticas Publicas. Necesidades y Desaf\u00edos\u201d a realizarse el 17 de septiembre a las 19 hs., en el Sal\u00f3n Auditorio de La UCSE.<br>Sancionado por unanimidad de los presentes, en sus considerando la Ordenanza destaca que el pasado 26 de agosto del cte. a\u00f1o se conmemoro el 57\u00ba aniversario de la creaci\u00f3n de la agrupaci\u00f3n franja morada, agrupaci\u00f3n de pol\u00edtica universitaria surgida de los eventos ocurridos durante la Reforma Universitaria de 1918, que tuvieron gran relevancia en el gobierno de corriente radical del Ex Presidente Hip\u00f3lito Irigoyen.<br>El Conversatorio estar\u00e1 a cargo del Sr. Intendente de Termas de Rio Hondo Dr. Jorge Mukdise y del Sr. Intendente de la ciudad de Fern\u00e1ndez Dr. V\u00edctor Araujo celebrarse el martes 17 de septiembre del cte. a\u00f1o, en el Sal\u00f3n Auditorio de la Universidad Cat\u00f3lica de Santiago del Estero.<br>Asimismo a instancia del bloque Frente C\u00edvico se solicit\u00f3 la reserva y tratamiento sobre tablas la sanci\u00f3n de la ordenanza declarando de Inter\u00e9s Municipal, Cultural y Educativo el evento \u201cFeria del Medio Ambiente 2024\u201d organizado por ASICANA los dias18 y 19 de septiembre.<br>La propuesta fue acompa\u00f1ada por la totalidad de presentes y en sus considerandos se indica que habr\u00e1 actividades para todas las edades incluyendo: stands de las organizaciones, charlas informativas, talleres interactivos, exposiciones de productos ecol\u00f3gicos, contando con la participaci\u00f3n de 18 organizaciones y tres facultades de la Universidad Nacional de Santiago del Estero, el evento ser\u00e1 abierto al p\u00fablico en general con entrada libre y gratuita.<br>A instancias del bloque Libres del Sur se solicit\u00f3 el ingreso parlamentario del Expediente solicitando se declare de Inter\u00e9s Municipal el \u201cConversatorio Temas urgentes en debate: Periodismo, fake news y manipulaci\u00f3n pol\u00edtica en la era digital\u201d; organizado por el Instituto de Investigaci\u00f3n Social, Econ\u00f3mica y Pol\u00edtica Ciudadana a realizarse el 20 de septiembre en el SUM de la Facultad de Humanidades de la UNSE.<br>Sancionada por unanimidad la ordenanza indica que este conversatorio tiene como objetivo central repensar el rol del periodismo en la actualidad, y abordar de manera cr\u00edtica las herramientas y estrategias que pueden adoptar los profesionales de la comunicaci\u00f3n para enfrentar los retos que supone la desinformaci\u00f3n.<br>El evento contara con la participaci\u00f3n de profesionales especializados en comunicaci\u00f3n, periodismo y estudios sociales, quienes ofrecer\u00e1n un an\u00e1lisis profundo y actualizado de la situaci\u00f3n actual de los medios, con el objetivo de promover una esfera p\u00fablica m\u00e1s plural, inclusiva y comprometida con la verdad.<br>Orden del D\u00eda<br>En la oportunidad, con despacho de comisi\u00f3n se sancionaron las siguientes iniciativas:<br>Se sancion\u00f3 la ordenanza que autoriza al Departamento Ejecutivo Municipal a permutar con la firma Petrolider S.R.L el lote ubicado en Av. Col\u00f3n esquina Av. Sol\u00eds, indic\u00e1ndose en sus considerandos que el socio gerente de la firma solicita dicha cesi\u00f3n \u201ccorriendo con todos los gastos y con el fin de modernizar una planta reguladora que se encuentra deteriorada\u201d determin\u00e1ndose que Fiscal\u00eda Municipal dictamina \u201cse advierte a conveniencia del Proyecto de cambio de ubicaci\u00f3n de la planta compresora de gas natural Implicar\u00e1 una mejora urban\u00edstica para la intersecci\u00f3n\u201d<br>En consonancia con la anterior, lo ediles sancionaron la ordenanza que prorroga por el t\u00e9rmino de diez (10) a\u00f1os, la cesi\u00f3n del predio que ocupa actualmente la Uni\u00f3n del Personal Civil de la Naci\u00f3n \u2013 Seccional Santiago del Estero ubicado en Av. Costanera Norte y riberas del R\u00edo Dulce, plazo a contar desde la sanci\u00f3n de la presente Ordenanza, y de conformidad a las disposiciones de la Ordenanza N\u00b0 5552\/2018.<br>Sus considerandos indica que mediante Ordenanza N\u00b0 4.361\/09 le fue cedido el predio que la instituci\u00f3n recurrente hoy solicita la renovaci\u00f3n de la cesi\u00f3n y donde est\u00e1n edificadas las instalaciones deportivas, y donde adem\u00e1s funciona el Profesorado de Educaci\u00f3n F\u00edsica dependiente del Instituto Superior M\u00f1or. Jorge Gottau y entre las obras proyectadas, y que se encuentra actualmente en ejecuci\u00f3n, se puede mencionar el edificio donde funcionar\u00e1 el Colegio Secundario \u201cM\u00f1or. Jorge Gottau\u201d, el cual brindar\u00e1 todas las necesidades educativas para la gran cantidad de alumnos que concurren a clases y la cancha de hockey la que se convertir\u00e1 en un importante centro de convergencia para los practicantes de este deporte.<br>Asimismo, sancionaron la Ordenanza que declara de Inter\u00e9s Municipal, Social y Educativo la \u201cJornada de Hipertensi\u00f3n Cardiovascular (HTA) en las diferentes etapas de la Vida y Riesgo Cardiovascular\u201d, organizadas por el Ministerio de Salud de Santiago del Estero y el Comit\u00e9 de Hipertensi\u00f3n Arterial de la Federaci\u00f3n Argentina de Cardiolog\u00eda, a llevarse a cabo el d\u00eda 27 de septiembre del a\u00f1o en curso en las instalaciones del Sal\u00f3n \u00d3valo del Parque Sur.<br>El encuentro se trata de un proyecto abierto a la sociedad donde la salud se pone en valor y que pretende ser un espacio de divulgaci\u00f3n, reflexi\u00f3n y participativo a trav\u00e9s de una informaci\u00f3n objetiva y orientada a promover estilos de vida saludables, prevenir la enfermedad y apoyar a pacientes cr\u00f3nicos en el cuidado de su propia salud.<br>Tambi\u00e9n aprobaron la Ordenanza que Declara de Inter\u00e9s Municipal, Social y Cultural, el ciclo de Capacitaciones \u201cMujeres en Acci\u00f3n\u201d organizado por el Consejo Consultivo de la Mujer a desarrollarse en los meses de septiembre, octubre y noviembre del corriente a\u00f1o en el Sum del Honorable Concejo Deliberante.<br>Este ciclo de capacitaciones tiene como finalidad, mostrar a la mujer en su vida y en las distintas facetas o roles de su cotidianidad, salud, educaci\u00f3n, sociedad y la tem\u00e1tica transversal especifica de violencia de g\u00e9nero, construyendo de esta manera un camino de prevenci\u00f3n en todos los \u00e1mbitos donde se posiciona la misma.<br>Los objetivos de este ciclo, es promover la reflexi\u00f3n cr\u00edtica, discutir desde las perspectivas de g\u00e9nero y diversidad, debatir sobre el rol de las pol\u00edticas p\u00fablicas en la promoci\u00f3n de la igualdad y equidad de g\u00e9nero fortaleciendo el autoconocimiento, la autoestima y la seguridad personal.<br>Por \u00faltimo, los concejales capitalinos sancionaron la Resoluci\u00f3n que solicita al Departamento Ejecutivo Municipal que, a trav\u00e9s del \u00e1rea correspondiente, proceda al estudio de la factibilidad t\u00e9cnica y presupuestaria, para realizar la construcci\u00f3n de un reductor de velocidad y la colocaci\u00f3n de la correcta se\u00f1alizaci\u00f3n que indique la advertencia de ingreso a \u201cZona de Reductores de Velocidad\u201d sobre Av. Del Libertador, entre Pedro Le\u00f3n Gallo y Rioja.-<\/p>\n\n\n\n<p class=\"wp-block-paragraph\">Al finalizar la sesi\u00f3n la concejal Aida Soria coment\u00f3 que el pr\u00f3ximo s\u00e1bado 21 se celebra el D\u00eda de Sanidad, \u201cd\u00eda para reconocer y agradecer el trabajo incansable que lleva adelante los profesionales de la salud que se dedican a cuidar y proteger nuestra salud como derecho fundamental\u201d.<br>Destac\u00f3 tambi\u00e9n el compromiso del Gobernador de la Provincia Dr. Gerardo Zamora \u201cpor su compromiso y apoyo a la salud en bienestar de todos los ciudadanos\u201d.<br>Record\u00f3 tambi\u00e9n el D\u00eda del Profesor llevando el saludo del cuerpo de concejales a todos aquellos que llevan adelante esta loable tarea de educar.<br>Finalmente el concejal Carlos Basualdo felicit\u00f3 a la Asociaci\u00f3n Atl\u00e9tica Quimsa que represent\u00f3 en la provincia y pa\u00eds \u201cen el torneo m\u00e1s importante que organiza FIBA demostrando que es nuestra provincia el deporte es una pol\u00edtica de estado\u201d.<br>Tambi\u00e9n resalt\u00f3 el partido de Los Pumas ante Sud\u00e1frica a disputarse el fin de semana en el Estadio \u00danico Madre de Ciudades.<\/p>\n","protected":false},"excerpt":{"rendered":"<p>Con la normalidad caracter\u00edstica se desarroll\u00f3 Sesi\u00f3n Ordinaria del H. Concejo Deliberante de la Capital, presidido por su titular, Humberto Santill\u00e1n, y la presencia de diez concejales.Durante el transcurso de la sesi\u00f3n, la bancada del Frente C\u00edvico solicit\u00f3 la reserva, el tratamiento sobre tablas para la sanci\u00f3n de ordenanzas de declaraci\u00f3n de inter\u00e9sEn primera instancia de la concejal P\u00e9rez Nazar, se solicit\u00f3 la sanci\u00f3n de la ordenanza declarando de Inter\u00e9s Cultural, Educativo y Social el Conversatorio titulado: \u201cJ\u00f3venes y Pol\u00edticas Publicas. Necesidades y Desaf\u00edos\u201d a realizarse el 17 de septiembre&hellip;<\/p>\n","protected":false},"author":1,"featured_media":0,"comment_status":"open","ping_status":"closed","sticky":false,"template":"","format":"standard","meta":{"footnotes":""},"categories":[3],"tags":[],"class_list":["post-10928","post","type-post","status-publish","format-standard","hentry","category-hcd-capital"],"rttpg_featured_image_url":null,"rttpg_author":{"display_name":"rober","author_link":"https:\/\/livingmultimediosde.net.ar\/INDEX\/author\/rober\/"},"rttpg_comment":0,"rttpg_category":"<a href=\"https:\/\/livingmultimediosde.net.ar\/INDEX\/category\/hcd-capital\/\" rel=\"category tag\">HCD CAPITAL<\/a>","rttpg_excerpt":"Con la normalidad caracter\u00edstica se desarroll\u00f3 Sesi\u00f3n Ordinaria del H. Concejo Deliberante de la Capital, presidido por su titular, Humberto Santill\u00e1n, y la presencia de diez concejales.Durante el transcurso de la sesi\u00f3n, la bancada del Frente C\u00edvico solicit\u00f3 la reserva, el tratamiento sobre tablas para la sanci\u00f3n de ordenanzas de declaraci\u00f3n de inter\u00e9sEn primera instancia&hellip;","_links":{"self":[{"href":"https:\/\/livingmultimediosde.net.ar\/INDEX\/wp-json\/wp\/v2\/posts\/10928","targetHints":{"allow":["GET"]}}],"collection":[{"href":"https:\/\/livingmultimediosde.net.ar\/INDEX\/wp-json\/wp\/v2\/posts"}],"about":[{"href":"https:\/\/livingmultimediosde.net.ar\/INDEX\/wp-json\/wp\/v2\/types\/post"}],"author":[{"embeddable":true,"href":"https:\/\/livingmultimediosde.net.ar\/INDEX\/wp-json\/wp\/v2\/users\/1"}],"replies":[{"embeddable":true,"href":"https:\/\/livingmultimediosde.net.ar\/INDEX\/wp-json\/wp\/v2\/comments?post=10928"}],"version-history":[{"count":1,"href":"https:\/\/livingmultimediosde.net.ar\/INDEX\/wp-json\/wp\/v2\/posts\/10928\/revisions"}],"predecessor-version":[{"id":10930,"href":"https:\/\/livingmultimediosde.net.ar\/INDEX\/wp-json\/wp\/v2\/posts\/10928\/revisions\/10930"}],"wp:attachment":[{"href":"https:\/\/livingmultimediosde.net.ar\/INDEX\/wp-json\/wp\/v2\/media?parent=10928"}],"wp:term":[{"taxonomy":"category","embeddable":true,"href":"https:\/\/livingmultimediosde.net.ar\/INDEX\/wp-json\/wp\/v2\/categories?post=10928"},{"taxonomy":"post_tag","embeddable":true,"href":"https:\/\/livingmultimediosde.net.ar\/INDEX\/wp-json\/wp\/v2\/tags?post=10928"}],"curies":[{"name":"wp","href":"https:\/\/api.w.org\/{rel}","templated":true}]}}