{"id":10916,"date":"2024-09-17T03:33:38","date_gmt":"2024-09-17T03:33:38","guid":{"rendered":"https:\/\/livingmultimediosde.net.ar\/INDEX\/?p=10916"},"modified":"2024-09-17T03:33:40","modified_gmt":"2024-09-17T03:33:40","slug":"la-intendente-fuentes-visito-la-expo-futuro-que-difundio-las-ofertas-educativas-para-los-jovenes","status":"publish","type":"post","link":"https:\/\/livingmultimediosde.net.ar\/INDEX\/2024\/09\/la-intendente-fuentes-visito-la-expo-futuro-que-difundio-las-ofertas-educativas-para-los-jovenes\/","title":{"rendered":"La intendente Fuentes visit\u00f3 la Expo Futuro que difundi\u00f3 las ofertas educativas para los j\u00f3venes"},"content":{"rendered":"\n<p class=\"wp-block-paragraph\">La intendente, Ing Norma Fuentes, recorri\u00f3 junto a la ministra de Educaci\u00f3n, Dra. Mariela Nassif, la Expo Futuro que se realiz\u00f3 en la Plaza Libertad, un espacio en d\u00f3nde se presentaron diversas ofertas educativas de los colegios secundarios t\u00e9cnicos y de los profesorados provinciales.<br>La actividad form\u00f3 parte del D\u00eda Nacional de la Juventud. Tambi\u00e9n participaron la presidente del Consejo General de Educaci\u00f3n, Dra. Mar\u00eda Elena Herrera; el subsecretario de Educaci\u00f3n, Prof. Alejandro Piccoli, entre otras autoridades.<br>Al respecto, la jefa comunal expres\u00f3: \u00abEn este d\u00eda tan significativo para la juventud estamos llevando adelante un trabajo mancomunado entre municipio y el gobierno; es muy grato ver a los j\u00f3venes demostrando todo lo aprendido y lo que se puede aprender en las escuelas y las ofertas acad\u00e9micas que deben tener conocimiento p\u00fablico\u00bb.<br>La intendente destac\u00f3 como los estudiantes aplican los conocimientos adquiridos en nuevas tecnolog\u00edas y que es uno de objetivos que tiene el gobierno de la provincia a trav\u00e9s de la educaci\u00f3n en todos sus niveles, lo que adem\u00e1s se replica en los jardines de infantes municipales.<br>\u00abSiempre se piensa en lo importante que es brindar a los j\u00f3venes la experiencia de formarse para un trabajo posterior\u00bb, indic\u00f3.<br>Por su parte, la ministra Nassif sostuvo que la intendente Fuentes y su equipo de trabajo \u00absiempre nos brindan los espacios adecuados para difundir las propuestas educativas, como en esta oportunidad lo es la plaza Libertad, que es un lugar de encuentro de todos los santiague\u00f1os para que la ciudadan\u00eda vea lo que pasa dentro de las escuelas\u00bb.<br>Asimismo, la funcionaria provincial remarc\u00f3 que el gobernador, Dr. Gerardo Zamora, \u00abhace todos los esfuerzos para que la educaci\u00f3n siga estando en el centro de la escena\u00bb.<\/p>\n","protected":false},"excerpt":{"rendered":"<p>La intendente, Ing Norma Fuentes, recorri\u00f3 junto a la ministra de Educaci\u00f3n, Dra. Mariela Nassif, la Expo Futuro que se realiz\u00f3 en la Plaza Libertad, un espacio en d\u00f3nde se presentaron diversas ofertas educativas de los colegios secundarios t\u00e9cnicos y de los profesorados provinciales.La actividad form\u00f3 parte del D\u00eda Nacional de la Juventud. Tambi\u00e9n participaron la presidente del Consejo General de Educaci\u00f3n, Dra. Mar\u00eda Elena Herrera; el subsecretario de Educaci\u00f3n, Prof. Alejandro Piccoli, entre otras autoridades.Al respecto, la jefa comunal expres\u00f3: \u00abEn este d\u00eda tan significativo para la juventud estamos&hellip;<\/p>\n","protected":false},"author":1,"featured_media":0,"comment_status":"open","ping_status":"closed","sticky":false,"template":"","format":"standard","meta":{"footnotes":""},"categories":[9],"tags":[],"class_list":["post-10916","post","type-post","status-publish","format-standard","hentry","category-noticias"],"rttpg_featured_image_url":null,"rttpg_author":{"display_name":"rober","author_link":"https:\/\/livingmultimediosde.net.ar\/INDEX\/author\/rober\/"},"rttpg_comment":0,"rttpg_category":"<a href=\"https:\/\/livingmultimediosde.net.ar\/INDEX\/category\/noticias\/\" rel=\"category tag\">NOTICIAS<\/a>","rttpg_excerpt":"La intendente, Ing Norma Fuentes, recorri\u00f3 junto a la ministra de Educaci\u00f3n, Dra. Mariela Nassif, la Expo Futuro que se realiz\u00f3 en la Plaza Libertad, un espacio en d\u00f3nde se presentaron diversas ofertas educativas de los colegios secundarios t\u00e9cnicos y de los profesorados provinciales.La actividad form\u00f3 parte del D\u00eda Nacional de la Juventud. Tambi\u00e9n participaron&hellip;","_links":{"self":[{"href":"https:\/\/livingmultimediosde.net.ar\/INDEX\/wp-json\/wp\/v2\/posts\/10916","targetHints":{"allow":["GET"]}}],"collection":[{"href":"https:\/\/livingmultimediosde.net.ar\/INDEX\/wp-json\/wp\/v2\/posts"}],"about":[{"href":"https:\/\/livingmultimediosde.net.ar\/INDEX\/wp-json\/wp\/v2\/types\/post"}],"author":[{"embeddable":true,"href":"https:\/\/livingmultimediosde.net.ar\/INDEX\/wp-json\/wp\/v2\/users\/1"}],"replies":[{"embeddable":true,"href":"https:\/\/livingmultimediosde.net.ar\/INDEX\/wp-json\/wp\/v2\/comments?post=10916"}],"version-history":[{"count":1,"href":"https:\/\/livingmultimediosde.net.ar\/INDEX\/wp-json\/wp\/v2\/posts\/10916\/revisions"}],"predecessor-version":[{"id":10918,"href":"https:\/\/livingmultimediosde.net.ar\/INDEX\/wp-json\/wp\/v2\/posts\/10916\/revisions\/10918"}],"wp:attachment":[{"href":"https:\/\/livingmultimediosde.net.ar\/INDEX\/wp-json\/wp\/v2\/media?parent=10916"}],"wp:term":[{"taxonomy":"category","embeddable":true,"href":"https:\/\/livingmultimediosde.net.ar\/INDEX\/wp-json\/wp\/v2\/categories?post=10916"},{"taxonomy":"post_tag","embeddable":true,"href":"https:\/\/livingmultimediosde.net.ar\/INDEX\/wp-json\/wp\/v2\/tags?post=10916"}],"curies":[{"name":"wp","href":"https:\/\/api.w.org\/{rel}","templated":true}]}}