{"id":10912,"date":"2024-09-17T03:30:30","date_gmt":"2024-09-17T03:30:30","guid":{"rendered":"https:\/\/livingmultimediosde.net.ar\/INDEX\/?p=10912"},"modified":"2024-09-17T03:30:34","modified_gmt":"2024-09-17T03:30:34","slug":"el-iosep-celebro-59-anos-de-vida-institucional","status":"publish","type":"post","link":"https:\/\/livingmultimediosde.net.ar\/INDEX\/2024\/09\/el-iosep-celebro-59-anos-de-vida-institucional\/","title":{"rendered":"EL IOSEP CELEBR\u00d3 59 A\u00d1OS DE VIDA INSTITUCIONAL"},"content":{"rendered":"\n<p class=\"wp-block-paragraph\">Ante un importante marco de p\u00fablico se llev\u00f3 a cabo este lunes al mediod\u00eda un emotivo acto por el 59\u00b0 aniversario del Instituto de Obra Social del Empleado Provincial (Iosep).<br>Estuvo encabezado por el presidente de la instituci\u00f3n, Ra\u00fal Ayuch, acompa\u00f1ado por el ministro de Desarrollo Social, \u00c1ngel Hugo Niccolai; el secretario de Salud, Cesar Monti; la intendente de la ciudad Capital, Norma Fuentes, y el obispo auxiliar de la Arquidi\u00f3cesis de Santiago del Estero, monse\u00f1or Enrique Mart\u00ednez Ossola, entre otros invitados especiales.<br>En primer t\u00e9rmino se realiz\u00f3 la entronizaci\u00f3n, descubrimiento y bendici\u00f3n de una imagen de Mama Antula en la sede principal del Iosep, ubicada en calle 9 de Julio 359\/79.<br>Tras el saludo del gobernador Gerardo Zamora, a trav\u00e9s de un video, Ayuch resalt\u00f3 la capacidad, vocaci\u00f3n y el trabajo responsable del personal y de los directivos de todas las \u00e1reas de la obra social.<br>\u00abEsta fecha plasma algo m\u00e1s que un aniversario\u201d, dijo, para luego afirmar: \u00abHemos conformado a lo largo de los a\u00f1os una red de equipos que impuls\u00f3 una transformaci\u00f3n, un avance y un acompa\u00f1amiento; sabemos que fue con errores y con aciertos, pero siempre con nuestro aporte para la seguridad social\u201d.<br>Adem\u00e1s, destac\u00f3 el trabajo interdisciplinario que se viene articulado desde su entidad junto al Gobierno provincial desde el a\u00f1o 2005 para ofrecer m\u00e1s y mejores prestaciones a los afiliados.<\/p>\n","protected":false},"excerpt":{"rendered":"<p>Ante un importante marco de p\u00fablico se llev\u00f3 a cabo este lunes al mediod\u00eda un emotivo acto por el 59\u00b0 aniversario del Instituto de Obra Social del Empleado Provincial (Iosep).Estuvo encabezado por el presidente de la instituci\u00f3n, Ra\u00fal Ayuch, acompa\u00f1ado por el ministro de Desarrollo Social, \u00c1ngel Hugo Niccolai; el secretario de Salud, Cesar Monti; la intendente de la ciudad Capital, Norma Fuentes, y el obispo auxiliar de la Arquidi\u00f3cesis de Santiago del Estero, monse\u00f1or Enrique Mart\u00ednez Ossola, entre otros invitados especiales.En primer t\u00e9rmino se realiz\u00f3 la entronizaci\u00f3n, descubrimiento y&hellip;<\/p>\n","protected":false},"author":1,"featured_media":0,"comment_status":"open","ping_status":"closed","sticky":false,"template":"","format":"standard","meta":{"footnotes":""},"categories":[9],"tags":[],"class_list":["post-10912","post","type-post","status-publish","format-standard","hentry","category-noticias"],"rttpg_featured_image_url":null,"rttpg_author":{"display_name":"rober","author_link":"https:\/\/livingmultimediosde.net.ar\/INDEX\/author\/rober\/"},"rttpg_comment":0,"rttpg_category":"<a href=\"https:\/\/livingmultimediosde.net.ar\/INDEX\/category\/noticias\/\" rel=\"category tag\">NOTICIAS<\/a>","rttpg_excerpt":"Ante un importante marco de p\u00fablico se llev\u00f3 a cabo este lunes al mediod\u00eda un emotivo acto por el 59\u00b0 aniversario del Instituto de Obra Social del Empleado Provincial (Iosep).Estuvo encabezado por el presidente de la instituci\u00f3n, Ra\u00fal Ayuch, acompa\u00f1ado por el ministro de Desarrollo Social, \u00c1ngel Hugo Niccolai; el secretario de Salud, Cesar Monti;&hellip;","_links":{"self":[{"href":"https:\/\/livingmultimediosde.net.ar\/INDEX\/wp-json\/wp\/v2\/posts\/10912","targetHints":{"allow":["GET"]}}],"collection":[{"href":"https:\/\/livingmultimediosde.net.ar\/INDEX\/wp-json\/wp\/v2\/posts"}],"about":[{"href":"https:\/\/livingmultimediosde.net.ar\/INDEX\/wp-json\/wp\/v2\/types\/post"}],"author":[{"embeddable":true,"href":"https:\/\/livingmultimediosde.net.ar\/INDEX\/wp-json\/wp\/v2\/users\/1"}],"replies":[{"embeddable":true,"href":"https:\/\/livingmultimediosde.net.ar\/INDEX\/wp-json\/wp\/v2\/comments?post=10912"}],"version-history":[{"count":1,"href":"https:\/\/livingmultimediosde.net.ar\/INDEX\/wp-json\/wp\/v2\/posts\/10912\/revisions"}],"predecessor-version":[{"id":10914,"href":"https:\/\/livingmultimediosde.net.ar\/INDEX\/wp-json\/wp\/v2\/posts\/10912\/revisions\/10914"}],"wp:attachment":[{"href":"https:\/\/livingmultimediosde.net.ar\/INDEX\/wp-json\/wp\/v2\/media?parent=10912"}],"wp:term":[{"taxonomy":"category","embeddable":true,"href":"https:\/\/livingmultimediosde.net.ar\/INDEX\/wp-json\/wp\/v2\/categories?post=10912"},{"taxonomy":"post_tag","embeddable":true,"href":"https:\/\/livingmultimediosde.net.ar\/INDEX\/wp-json\/wp\/v2\/tags?post=10912"}],"curies":[{"name":"wp","href":"https:\/\/api.w.org\/{rel}","templated":true}]}}