{"id":10898,"date":"2024-09-13T15:04:29","date_gmt":"2024-09-13T15:04:29","guid":{"rendered":"https:\/\/livingmultimediosde.net.ar\/INDEX\/?p=10898"},"modified":"2024-09-13T15:04:31","modified_gmt":"2024-09-13T15:04:31","slug":"la-paz-sufre-una-de-las-peores-crisis-de-contaminacion-por-el-humo-de-incendios","status":"publish","type":"post","link":"https:\/\/livingmultimediosde.net.ar\/INDEX\/2024\/09\/la-paz-sufre-una-de-las-peores-crisis-de-contaminacion-por-el-humo-de-incendios\/","title":{"rendered":"La Paz sufre una de las peores crisis de contaminaci\u00f3n por el humo de incendios"},"content":{"rendered":"\n<p class=\"wp-block-paragraph\">La ciudad de La Paz, sede del Gobierno de Bolivia situada en la regi\u00f3n oeste del pa\u00eds, atraviesa<br>desde principios de mes una de las peores crisis de contaminaci\u00f3n atmosf\u00e9rica de su historia por causa de los incendios forestales, afirm\u00f3 hoy la jefa de la Unidad de Servicios Ambientales de La Paz, Gabriela Rivera.<\/p>\n\n\n\n<p class=\"wp-block-paragraph\">La funcionaria de la instancia perteneciente a la Secretar\u00eda Municipal de Gesti\u00f3n Ambiental sostuvo que durante varias jornadas consecutivas, el \u00cdndice de Calidad del Aire (ICA) sobrepas\u00f3 en la urbe los 200 microgramos por metro c\u00fabico de part\u00edculas.<\/p>\n\n\n\n<p class=\"wp-block-paragraph\">\u00abEstamos en el noveno d\u00eda de calidad de aire &#8216;muy mala&#8217;, algo sin precedentes en la ciudad\u00bb, dijo Rivera, al subrayar que el pasado 5 de septiembre fue \u00abel peor d\u00eda\u00bb en que el ICA alcanz\u00f3 los 225 microgramos.<\/p>\n\n\n\n<p class=\"wp-block-paragraph\">Entre 0 y 50 microgramos por metro c\u00fabico se considera \u00abbuena\u00bb calidad del aire; entre 51 y 100 \u00abregular\u00bb; entre 101 y 150 \u00abmala\u00bb; entre 151 y 300 \u00abmuy mala\u00bb y m\u00e1s de 300 se considera<br>\u00abextremadamente mala\u00bb, seg\u00fan la clasificaci\u00f3n del ICA.<\/p>\n\n\n\n<p class=\"wp-block-paragraph\">De acuerdo con el reporte, el aire de la ciudad estuvo cargado en los \u00faltimos d\u00edas de part\u00edculas t\u00f3xicas por los incendios forestales en los departamentos de Santa Cruz, Beni y Pando,<br>situaci\u00f3n a la que se suman los incendios en Brasil.<\/p>\n\n\n\n<p class=\"wp-block-paragraph\">Rivera expuso que la acumulaci\u00f3n de humo, sumada a la ausencia de lluvias y la falta de viento que ayude a dispersar los contaminantes, empeoraron de forma dr\u00e1stica la calidad del aire en<br>La Paz, con niveles de contaminaci\u00f3n que alcanzaron cifras nunca antes vistas.<\/p>\n\n\n\n<p class=\"wp-block-paragraph\">A partir del pasado 2 de septiembre, el ICA comenz\u00f3 a elevarse en la ciudad por encima de los 130 microgramos, lo que ya evidenciaba una situaci\u00f3n preocupante en la atm\u00f3sfera, pero para<br>el 4 de septiembre, los niveles superaron los 150 microgramos, es decir, un panorama de crisis.<\/p>\n\n\n\n<p class=\"wp-block-paragraph\">A decir de Rivera, si bien hubo disminuciones leves como las registradas los d\u00edas 9 y 10 de este mes con niveles de entre 196 y 194, la situaci\u00f3n a\u00fan es grave, debido a que los incendios en las<br>regiones del norte han reavivado la humareda, lo que propicia que La Paz permanezca sumida en una nube t\u00f3xica que pone en riesgo la salud de sus habitantes.<\/p>\n\n\n\n<p class=\"wp-block-paragraph\">Las actividades educativas fueron suspendidas en la ciudad de manera presencial, con la implementaci\u00f3n por parte de las autoridades en forma temporal de la modalidad virtual en escuelas y universidades.<\/p>\n\n\n\n<p class=\"wp-block-paragraph\">La medida busca minimizar la exposici\u00f3n de los estudiantes a la contaminaci\u00f3n, mientras que las autoridades monitorean la situaci\u00f3n ambiental.<\/p>\n","protected":false},"excerpt":{"rendered":"<p>La ciudad de La Paz, sede del Gobierno de Bolivia situada en la regi\u00f3n oeste del pa\u00eds, atraviesadesde principios de mes una de las peores crisis de contaminaci\u00f3n atmosf\u00e9rica de su historia por causa de los incendios forestales, afirm\u00f3 hoy la jefa de la Unidad de Servicios Ambientales de La Paz, Gabriela Rivera. La funcionaria de la instancia perteneciente a la Secretar\u00eda Municipal de Gesti\u00f3n Ambiental sostuvo que durante varias jornadas consecutivas, el \u00cdndice de Calidad del Aire (ICA) sobrepas\u00f3 en la urbe los 200 microgramos por metro c\u00fabico de&hellip;<\/p>\n","protected":false},"author":1,"featured_media":0,"comment_status":"open","ping_status":"closed","sticky":false,"template":"","format":"standard","meta":{"footnotes":""},"categories":[4],"tags":[],"class_list":["post-10898","post","type-post","status-publish","format-standard","hentry","category-interes-general"],"rttpg_featured_image_url":null,"rttpg_author":{"display_name":"rober","author_link":"https:\/\/livingmultimediosde.net.ar\/INDEX\/author\/rober\/"},"rttpg_comment":0,"rttpg_category":"<a href=\"https:\/\/livingmultimediosde.net.ar\/INDEX\/category\/interes-general\/\" rel=\"category tag\">INTERES GENERAL<\/a>","rttpg_excerpt":"La ciudad de La Paz, sede del Gobierno de Bolivia situada en la regi\u00f3n oeste del pa\u00eds, atraviesadesde principios de mes una de las peores crisis de contaminaci\u00f3n atmosf\u00e9rica de su historia por causa de los incendios forestales, afirm\u00f3 hoy la jefa de la Unidad de Servicios Ambientales de La Paz, Gabriela Rivera. La funcionaria&hellip;","_links":{"self":[{"href":"https:\/\/livingmultimediosde.net.ar\/INDEX\/wp-json\/wp\/v2\/posts\/10898","targetHints":{"allow":["GET"]}}],"collection":[{"href":"https:\/\/livingmultimediosde.net.ar\/INDEX\/wp-json\/wp\/v2\/posts"}],"about":[{"href":"https:\/\/livingmultimediosde.net.ar\/INDEX\/wp-json\/wp\/v2\/types\/post"}],"author":[{"embeddable":true,"href":"https:\/\/livingmultimediosde.net.ar\/INDEX\/wp-json\/wp\/v2\/users\/1"}],"replies":[{"embeddable":true,"href":"https:\/\/livingmultimediosde.net.ar\/INDEX\/wp-json\/wp\/v2\/comments?post=10898"}],"version-history":[{"count":1,"href":"https:\/\/livingmultimediosde.net.ar\/INDEX\/wp-json\/wp\/v2\/posts\/10898\/revisions"}],"predecessor-version":[{"id":10900,"href":"https:\/\/livingmultimediosde.net.ar\/INDEX\/wp-json\/wp\/v2\/posts\/10898\/revisions\/10900"}],"wp:attachment":[{"href":"https:\/\/livingmultimediosde.net.ar\/INDEX\/wp-json\/wp\/v2\/media?parent=10898"}],"wp:term":[{"taxonomy":"category","embeddable":true,"href":"https:\/\/livingmultimediosde.net.ar\/INDEX\/wp-json\/wp\/v2\/categories?post=10898"},{"taxonomy":"post_tag","embeddable":true,"href":"https:\/\/livingmultimediosde.net.ar\/INDEX\/wp-json\/wp\/v2\/tags?post=10898"}],"curies":[{"name":"wp","href":"https:\/\/api.w.org\/{rel}","templated":true}]}}