{"id":10892,"date":"2024-09-13T14:58:51","date_gmt":"2024-09-13T14:58:51","guid":{"rendered":"https:\/\/livingmultimediosde.net.ar\/INDEX\/?p=10892"},"modified":"2024-09-13T14:58:54","modified_gmt":"2024-09-13T14:58:54","slug":"moodys-destaco-la-situacion-fiscal-de-las-provincias","status":"publish","type":"post","link":"https:\/\/livingmultimediosde.net.ar\/INDEX\/2024\/09\/moodys-destaco-la-situacion-fiscal-de-las-provincias\/","title":{"rendered":"Moody\u2019s destac\u00f3 la situaci\u00f3n fiscal de las provincias"},"content":{"rendered":"\n<p class=\"wp-block-paragraph\">La calificadora de riesgo Moody\u2019s destac\u00f3 que las provincias argentinas adoptaron medidas para ajustar sus cuentas al nuevo escenario y espera una mejora de indicadores para los pr\u00f3ximos meses a favor de la recuperaci\u00f3n de la econom\u00eda.<\/p>\n\n\n\n<p class=\"wp-block-paragraph\">\u201cLos sub soberanos argentinos presentaron m\u00e1rgenes operativos positivos durante el primer trimestre del a\u00f1o, e incluso, superiores a los del mismo per\u00edodo del 2023\u201d, indic\u00f3 la calificadora.<\/p>\n\n\n\n<p class=\"wp-block-paragraph\">Moody\u2019s explic\u00f3 que esto se debe \u201cprincipalmente por los ajustes realizados en materia de gastos, los cuales superaron las ca\u00eddas observadas en los ingresos de Gobiernos Locales y Regionales (\u201cGLR\u201d)\u201d<\/p>\n\n\n\n<p class=\"wp-block-paragraph\">\u201cEsperamos que estos valores se estabilicen de forma gradual en funci\u00f3n a la evoluci\u00f3n de la actividad econ\u00f3mica y a medida que se estabilice el contexto macroecon\u00f3mico\u201d, a\u00f1adi\u00f3.<\/p>\n\n\n\n<p class=\"wp-block-paragraph\">No obstante, advirti\u00f3 que en \u201cen los pr\u00f3ximos a\u00f1os, algunos GLR continuar\u00e1n enfrentando presiones de liquidez para afrontar su perfil de vencimientos. Particularmente ser\u00e1 el caso de los GLR que poseen deuda emitida en mercados internacionales, la cual representa una proporci\u00f3n significativa de su endeudamiento y por consiguiente se encuentran expuestas a deuda en moneda extranjera\u201d.<\/p>\n\n\n\n<p class=\"wp-block-paragraph\">Moody\u2019s espera una mejor performance a partir de un aumento en la recaudaci\u00f3n impositiva por efecto de la reactivaci\u00f3n econ\u00f3mica que mejore los ingresos por coparticipaci\u00f3n, y tambi\u00e9n por la restituci\u00f3n del impuesto a las Ganancias.<\/p>\n\n\n\n<p class=\"wp-block-paragraph\">De la mano del progreso de la actividad tambi\u00e9n llegar\u00e1 una mejora en los ingresos locales que apuntalar\u00e1 las cuentas provinciales.<\/p>\n\n\n\n<p class=\"wp-block-paragraph\">Por el lado del gasto, destac\u00f3 que \u201cdisminuyeron en t\u00e9rminos reales durante el primer semestre compensando el deterioro de los ingresos\u201d.<\/p>\n","protected":false},"excerpt":{"rendered":"<p>La calificadora de riesgo Moody\u2019s destac\u00f3 que las provincias argentinas adoptaron medidas para ajustar sus cuentas al nuevo escenario y espera una mejora de indicadores para los pr\u00f3ximos meses a favor de la recuperaci\u00f3n de la econom\u00eda. \u201cLos sub soberanos argentinos presentaron m\u00e1rgenes operativos positivos durante el primer trimestre del a\u00f1o, e incluso, superiores a los del mismo per\u00edodo del 2023\u201d, indic\u00f3 la calificadora. Moody\u2019s explic\u00f3 que esto se debe \u201cprincipalmente por los ajustes realizados en materia de gastos, los cuales superaron las ca\u00eddas observadas en los ingresos de Gobiernos&hellip;<\/p>\n","protected":false},"author":1,"featured_media":0,"comment_status":"open","ping_status":"closed","sticky":false,"template":"","format":"standard","meta":{"footnotes":""},"categories":[4],"tags":[],"class_list":["post-10892","post","type-post","status-publish","format-standard","hentry","category-interes-general"],"rttpg_featured_image_url":null,"rttpg_author":{"display_name":"rober","author_link":"https:\/\/livingmultimediosde.net.ar\/INDEX\/author\/rober\/"},"rttpg_comment":0,"rttpg_category":"<a href=\"https:\/\/livingmultimediosde.net.ar\/INDEX\/category\/interes-general\/\" rel=\"category tag\">INTERES GENERAL<\/a>","rttpg_excerpt":"La calificadora de riesgo Moody\u2019s destac\u00f3 que las provincias argentinas adoptaron medidas para ajustar sus cuentas al nuevo escenario y espera una mejora de indicadores para los pr\u00f3ximos meses a favor de la recuperaci\u00f3n de la econom\u00eda. \u201cLos sub soberanos argentinos presentaron m\u00e1rgenes operativos positivos durante el primer trimestre del a\u00f1o, e incluso, superiores a&hellip;","_links":{"self":[{"href":"https:\/\/livingmultimediosde.net.ar\/INDEX\/wp-json\/wp\/v2\/posts\/10892","targetHints":{"allow":["GET"]}}],"collection":[{"href":"https:\/\/livingmultimediosde.net.ar\/INDEX\/wp-json\/wp\/v2\/posts"}],"about":[{"href":"https:\/\/livingmultimediosde.net.ar\/INDEX\/wp-json\/wp\/v2\/types\/post"}],"author":[{"embeddable":true,"href":"https:\/\/livingmultimediosde.net.ar\/INDEX\/wp-json\/wp\/v2\/users\/1"}],"replies":[{"embeddable":true,"href":"https:\/\/livingmultimediosde.net.ar\/INDEX\/wp-json\/wp\/v2\/comments?post=10892"}],"version-history":[{"count":1,"href":"https:\/\/livingmultimediosde.net.ar\/INDEX\/wp-json\/wp\/v2\/posts\/10892\/revisions"}],"predecessor-version":[{"id":10894,"href":"https:\/\/livingmultimediosde.net.ar\/INDEX\/wp-json\/wp\/v2\/posts\/10892\/revisions\/10894"}],"wp:attachment":[{"href":"https:\/\/livingmultimediosde.net.ar\/INDEX\/wp-json\/wp\/v2\/media?parent=10892"}],"wp:term":[{"taxonomy":"category","embeddable":true,"href":"https:\/\/livingmultimediosde.net.ar\/INDEX\/wp-json\/wp\/v2\/categories?post=10892"},{"taxonomy":"post_tag","embeddable":true,"href":"https:\/\/livingmultimediosde.net.ar\/INDEX\/wp-json\/wp\/v2\/tags?post=10892"}],"curies":[{"name":"wp","href":"https:\/\/api.w.org\/{rel}","templated":true}]}}