{"id":10880,"date":"2024-09-12T13:21:32","date_gmt":"2024-09-12T13:21:32","guid":{"rendered":"https:\/\/livingmultimediosde.net.ar\/INDEX\/?p=10880"},"modified":"2024-09-12T13:21:34","modified_gmt":"2024-09-12T13:21:34","slug":"una-familia-necesito-939-886-en-agosto-para-no-ser-pobre-informo-el-indec","status":"publish","type":"post","link":"https:\/\/livingmultimediosde.net.ar\/INDEX\/2024\/09\/una-familia-necesito-939-886-en-agosto-para-no-ser-pobre-informo-el-indec\/","title":{"rendered":"Una familia necesit\u00f3 $ 939.886 en agosto para no ser pobre, inform\u00f3 el Indec"},"content":{"rendered":"\n<p class=\"wp-block-paragraph\">El precio de la Canasta B\u00e1sica Total (CBT) aument\u00f3 4,4% durante agosto, por lo que una pareja con dos hijos de seis y ocho a\u00f1os necesit\u00f3 de $ 939.886 para comprar la cantidad m\u00ednima de alimentos, indumentaria y servicios para no caer por debajo de la l\u00ednea de la pobreza.<\/p>\n\n\n\n<p class=\"wp-block-paragraph\">Ese mismo grupo familiar necesito de $ 421.473 para comprar solo la cantidad m\u00ednima de comida que integra la Canasta B\u00e1sica Alimentaria (CBA), y que fija el umbral por debajo del cual se cae en la l\u00ednea de la indigencia.<\/p>\n\n\n\n<p class=\"wp-block-paragraph\">La CBA aument\u00f3 3,9% durante agosto, por lo que sum\u00f3 75,1% en lo que va del a\u00f1o, y 222,7% en los \u00faltimos 12 meses.<\/p>\n\n\n\n<p class=\"wp-block-paragraph\">En tanto, la CBT, el aumento del 4,4% de agosto redund\u00f3 en una suba del 89,6% en lo que va del a\u00f1o, t del 230,1% en los \u00faltimos 12 meses.<\/p>\n\n\n\n<p class=\"wp-block-paragraph\">Hace una semana el Observatorio de la Deuda Social Argentina de la Universidad Cat\u00f3lica Argentina (ODSA-UCA)estim\u00f3 que el \u00cdndice de pobreza aument\u00f3 al t\u00e9rmino del primer semestre del a\u00f1o al 55,5% de la poblaci\u00f3n y la indigencia al 17,5% en el mismo per\u00edodo. A fin del 2023, el Indec calculaba que el \u00cdndice de Pobreza alcanzaba al 41,7% de los habitantes, entre los cuales 11,9% eran indigentes. Durante el primer semestres del a\u00f1o la inflaci\u00f3n hab\u00eda alcanzado al 79,8%<\/p>\n\n\n\n<p class=\"wp-block-paragraph\">Estos incrementos en los niveles de pobreza e indigencia se atribuyen en gran parte al impacto de la inflaci\u00f3n de los \u00faltimos meses y a la suba principalmente en el rubro alimentos que afect\u00f3 a los estratos m\u00e1s bajos de la sociedad.<\/p>\n\n\n\n<p class=\"wp-block-paragraph\">El Indec dar\u00e1 a conocer el jueves 26 de septiembre el \u00cdndice de Pobreza oficial calculada al primer semestre del a\u00f1o.<\/p>\n","protected":false},"excerpt":{"rendered":"<p>El precio de la Canasta B\u00e1sica Total (CBT) aument\u00f3 4,4% durante agosto, por lo que una pareja con dos hijos de seis y ocho a\u00f1os necesit\u00f3 de $ 939.886 para comprar la cantidad m\u00ednima de alimentos, indumentaria y servicios para no caer por debajo de la l\u00ednea de la pobreza. Ese mismo grupo familiar necesito de $ 421.473 para comprar solo la cantidad m\u00ednima de comida que integra la Canasta B\u00e1sica Alimentaria (CBA), y que fija el umbral por debajo del cual se cae en la l\u00ednea de la indigencia.&hellip;<\/p>\n","protected":false},"author":1,"featured_media":0,"comment_status":"open","ping_status":"closed","sticky":false,"template":"","format":"standard","meta":{"footnotes":""},"categories":[4],"tags":[],"class_list":["post-10880","post","type-post","status-publish","format-standard","hentry","category-interes-general"],"rttpg_featured_image_url":null,"rttpg_author":{"display_name":"rober","author_link":"https:\/\/livingmultimediosde.net.ar\/INDEX\/author\/rober\/"},"rttpg_comment":0,"rttpg_category":"<a href=\"https:\/\/livingmultimediosde.net.ar\/INDEX\/category\/interes-general\/\" rel=\"category tag\">INTERES GENERAL<\/a>","rttpg_excerpt":"El precio de la Canasta B\u00e1sica Total (CBT) aument\u00f3 4,4% durante agosto, por lo que una pareja con dos hijos de seis y ocho a\u00f1os necesit\u00f3 de $ 939.886 para comprar la cantidad m\u00ednima de alimentos, indumentaria y servicios para no caer por debajo de la l\u00ednea de la pobreza. Ese mismo grupo familiar necesito&hellip;","_links":{"self":[{"href":"https:\/\/livingmultimediosde.net.ar\/INDEX\/wp-json\/wp\/v2\/posts\/10880","targetHints":{"allow":["GET"]}}],"collection":[{"href":"https:\/\/livingmultimediosde.net.ar\/INDEX\/wp-json\/wp\/v2\/posts"}],"about":[{"href":"https:\/\/livingmultimediosde.net.ar\/INDEX\/wp-json\/wp\/v2\/types\/post"}],"author":[{"embeddable":true,"href":"https:\/\/livingmultimediosde.net.ar\/INDEX\/wp-json\/wp\/v2\/users\/1"}],"replies":[{"embeddable":true,"href":"https:\/\/livingmultimediosde.net.ar\/INDEX\/wp-json\/wp\/v2\/comments?post=10880"}],"version-history":[{"count":1,"href":"https:\/\/livingmultimediosde.net.ar\/INDEX\/wp-json\/wp\/v2\/posts\/10880\/revisions"}],"predecessor-version":[{"id":10882,"href":"https:\/\/livingmultimediosde.net.ar\/INDEX\/wp-json\/wp\/v2\/posts\/10880\/revisions\/10882"}],"wp:attachment":[{"href":"https:\/\/livingmultimediosde.net.ar\/INDEX\/wp-json\/wp\/v2\/media?parent=10880"}],"wp:term":[{"taxonomy":"category","embeddable":true,"href":"https:\/\/livingmultimediosde.net.ar\/INDEX\/wp-json\/wp\/v2\/categories?post=10880"},{"taxonomy":"post_tag","embeddable":true,"href":"https:\/\/livingmultimediosde.net.ar\/INDEX\/wp-json\/wp\/v2\/tags?post=10880"}],"curies":[{"name":"wp","href":"https:\/\/api.w.org\/{rel}","templated":true}]}}