{"id":10877,"date":"2024-09-12T13:19:52","date_gmt":"2024-09-12T13:19:52","guid":{"rendered":"https:\/\/livingmultimediosde.net.ar\/INDEX\/?p=10877"},"modified":"2024-09-12T13:19:55","modified_gmt":"2024-09-12T13:19:55","slug":"elisa-carrio-le-gano-un-juicio-a-anibal-fernandez-tras-acusarlo-de-narco","status":"publish","type":"post","link":"https:\/\/livingmultimediosde.net.ar\/INDEX\/2024\/09\/elisa-carrio-le-gano-un-juicio-a-anibal-fernandez-tras-acusarlo-de-narco\/","title":{"rendered":"Elisa Carri\u00f3 le gan\u00f3 un juicio a An\u00edbal Fern\u00e1ndez tras acusarlo de narco"},"content":{"rendered":"\n<p class=\"wp-block-paragraph\">Elisa Carri\u00f3 gan\u00f3 el juicio que le hab\u00eda iniciado An\u00edbal Fern\u00e1ndez por haberlo acusado de estar vinculado al narcotr\u00e1fico, tras lo cual el ex ministro hab\u00eda argumentado que sufri\u00f3 \u201cuna desacreditaci\u00f3n p\u00fablica\u201d.<\/p>\n\n\n\n<p class=\"wp-block-paragraph\">\u00abAn\u00edbal Fern\u00e1ndez se encuentra ligado con las mafias del narcotr\u00e1fico\u00bb o \u00abgrupos mafiosos ligados al narcotr\u00e1fico solventan los gastos de los partidos pol\u00edticos en la Provincia de Buenos Aires\u00bb, fueron las declaraciones de Carri\u00f3 que Fern\u00e1ndez llev\u00f3 a los tribunales, pero los magistrados argumentaron que deb\u00eda aplicarse la \u00abinmunidad de expresi\u00f3n\u00bb que ten\u00eda Carri\u00f3 como diputada al momento de la denuncia.<\/p>\n\n\n\n<p class=\"wp-block-paragraph\">La causa dur\u00f3 m\u00e1s de 12 a\u00f1os y termin\u00f3 con la derrota para Fern\u00e1ndez, quien adem\u00e1s deber\u00e1 pagar las costas del proceso.<\/p>\n","protected":false},"excerpt":{"rendered":"<p>Elisa Carri\u00f3 gan\u00f3 el juicio que le hab\u00eda iniciado An\u00edbal Fern\u00e1ndez por haberlo acusado de estar vinculado al narcotr\u00e1fico, tras lo cual el ex ministro hab\u00eda argumentado que sufri\u00f3 \u201cuna desacreditaci\u00f3n p\u00fablica\u201d. \u00abAn\u00edbal Fern\u00e1ndez se encuentra ligado con las mafias del narcotr\u00e1fico\u00bb o \u00abgrupos mafiosos ligados al narcotr\u00e1fico solventan los gastos de los partidos pol\u00edticos en la Provincia de Buenos Aires\u00bb, fueron las declaraciones de Carri\u00f3 que Fern\u00e1ndez llev\u00f3 a los tribunales, pero los magistrados argumentaron que deb\u00eda aplicarse la \u00abinmunidad de expresi\u00f3n\u00bb que ten\u00eda Carri\u00f3 como diputada al momento&hellip;<\/p>\n","protected":false},"author":1,"featured_media":0,"comment_status":"open","ping_status":"closed","sticky":false,"template":"","format":"standard","meta":{"footnotes":""},"categories":[4],"tags":[],"class_list":["post-10877","post","type-post","status-publish","format-standard","hentry","category-interes-general"],"rttpg_featured_image_url":null,"rttpg_author":{"display_name":"rober","author_link":"https:\/\/livingmultimediosde.net.ar\/INDEX\/author\/rober\/"},"rttpg_comment":0,"rttpg_category":"<a href=\"https:\/\/livingmultimediosde.net.ar\/INDEX\/category\/interes-general\/\" rel=\"category tag\">INTERES GENERAL<\/a>","rttpg_excerpt":"Elisa Carri\u00f3 gan\u00f3 el juicio que le hab\u00eda iniciado An\u00edbal Fern\u00e1ndez por haberlo acusado de estar vinculado al narcotr\u00e1fico, tras lo cual el ex ministro hab\u00eda argumentado que sufri\u00f3 \u201cuna desacreditaci\u00f3n p\u00fablica\u201d. \u00abAn\u00edbal Fern\u00e1ndez se encuentra ligado con las mafias del narcotr\u00e1fico\u00bb o \u00abgrupos mafiosos ligados al narcotr\u00e1fico solventan los gastos de los partidos pol\u00edticos&hellip;","_links":{"self":[{"href":"https:\/\/livingmultimediosde.net.ar\/INDEX\/wp-json\/wp\/v2\/posts\/10877","targetHints":{"allow":["GET"]}}],"collection":[{"href":"https:\/\/livingmultimediosde.net.ar\/INDEX\/wp-json\/wp\/v2\/posts"}],"about":[{"href":"https:\/\/livingmultimediosde.net.ar\/INDEX\/wp-json\/wp\/v2\/types\/post"}],"author":[{"embeddable":true,"href":"https:\/\/livingmultimediosde.net.ar\/INDEX\/wp-json\/wp\/v2\/users\/1"}],"replies":[{"embeddable":true,"href":"https:\/\/livingmultimediosde.net.ar\/INDEX\/wp-json\/wp\/v2\/comments?post=10877"}],"version-history":[{"count":1,"href":"https:\/\/livingmultimediosde.net.ar\/INDEX\/wp-json\/wp\/v2\/posts\/10877\/revisions"}],"predecessor-version":[{"id":10879,"href":"https:\/\/livingmultimediosde.net.ar\/INDEX\/wp-json\/wp\/v2\/posts\/10877\/revisions\/10879"}],"wp:attachment":[{"href":"https:\/\/livingmultimediosde.net.ar\/INDEX\/wp-json\/wp\/v2\/media?parent=10877"}],"wp:term":[{"taxonomy":"category","embeddable":true,"href":"https:\/\/livingmultimediosde.net.ar\/INDEX\/wp-json\/wp\/v2\/categories?post=10877"},{"taxonomy":"post_tag","embeddable":true,"href":"https:\/\/livingmultimediosde.net.ar\/INDEX\/wp-json\/wp\/v2\/tags?post=10877"}],"curies":[{"name":"wp","href":"https:\/\/api.w.org\/{rel}","templated":true}]}}