{"id":10856,"date":"2024-09-12T12:50:43","date_gmt":"2024-09-12T12:50:43","guid":{"rendered":"https:\/\/livingmultimediosde.net.ar\/INDEX\/?p=10856"},"modified":"2024-09-12T12:50:46","modified_gmt":"2024-09-12T12:50:46","slug":"santillan-nuestros-jovenes-continuaran-con-la-construccion-de-un-santiago-mejor","status":"publish","type":"post","link":"https:\/\/livingmultimediosde.net.ar\/INDEX\/2024\/09\/santillan-nuestros-jovenes-continuaran-con-la-construccion-de-un-santiago-mejor\/","title":{"rendered":"Santill\u00e1n: \u201cNuestros j\u00f3venes continuar\u00e1n con la construcci\u00f3n de un Santiago Mejor \u201d"},"content":{"rendered":"\n<p class=\"wp-block-paragraph\">Iniciada la sesi\u00f3n ordinaria de la fecha con la presencia de nueve concejales, se procedi\u00f3 en primera instancia a la entrega de la Ordenanza N\u00ba 351\/24 que declara de Inter\u00e9s Municipal, Cultural y Social el Programa \u201cConociendo Mi Provincia\u201d al Prof. Silvio Villalba, Coordinador del mencionado programa provincial y que fue sancionada oportunamente.<br>La misma fue entregada por el Presidente del Cuerpo Deliberativo Humberto Santill\u00e1n acompa\u00f1ado por los concejales Walter Medina Salom\u00f3n y Aida Luz Soria.<br>\u201cEste programa impulsado por el gobierno provincial y coordinado por el Ministerio de Educaci\u00f3n que permite que j\u00f3venes de escuelas primarias y secundarias conozcan lugares emblem\u00e1ticos de nuestra provincia representando un acontecimiento muy importante porque desde la gesti\u00f3n del Gobernador Dr. Gerardo Zamora la transformaci\u00f3n es constante y necesita ser mostrada a nuestros estudiantes\u201d, expres\u00f3 Santill\u00e1n.<br>Finaliz\u00f3: \u201cSon nuestros j\u00f3venes los que continuar\u00e1n con la construcci\u00f3n de un Santiago Mejor a trav\u00e9s de educaci\u00f3n de calidad y estos programas que posibilita el contacto directo con los lugares emblem\u00e1ticos de nuestra provincia que mediante un dictado de pol\u00edticas p\u00fablicas de calidad crece de manera permanente\u201d.<br>Por su lado, el Coordinador del Programa \u201cConociendo Mi Provincia\u201d Prof. Silvio Villalba destac\u00f3 que \u201cnuestro sistema educativo provincial a nivel secundario funciona con 134 escuelas diseminadas por la provincia, cuenta con 80 agrupamiento, y a la misma vez cuenta 657 anexos de agrupamientos, es decir, permite brindarle a nuestros alumnos instituciones educativas en sus lugares de residencia\u201d.<br>Agreg\u00f3 adem\u00e1s que \u201ces de vital importancia contar con este programa porque junto a los docentes m\u00e1s de 60 mil alumnos han podido conocer la historia y lugares destacados de nuestro Santiago del Estero\u201d.<br>Finalmente agradeci\u00f3 al personal del Honorable Concejo Deliberante por \u201cla amabilidad en la recepci\u00f3n y recorrido por las instalaciones y por sobre todo el funcionamiento y responsabilidad del dictado de normativas que brindan mejores condiciones a los habitantes\u201d.<br>Acompa\u00f1\u00f3 el Director del Agrupamiento 86.123 de Santa Mar\u00eda Ariel Burgos, del Jard\u00edn de Infantes N\u00b0 93 \u201cGrillito\u201d Lic. Claudia Marotta y los alumnos de 5\u00b0 A\u00f1o de la Escuela T\u00e9cnica N\u00b0 14 de Loreto quienes adem\u00e1s recorrieron las instalaciones del Honorable Concejo Deliberante en el marco del programa \u201cConociendo Mi Provincia\u201d.<\/p>\n","protected":false},"excerpt":{"rendered":"<p>Iniciada la sesi\u00f3n ordinaria de la fecha con la presencia de nueve concejales, se procedi\u00f3 en primera instancia a la entrega de la Ordenanza N\u00ba 351\/24 que declara de Inter\u00e9s Municipal, Cultural y Social el Programa \u201cConociendo Mi Provincia\u201d al Prof. Silvio Villalba, Coordinador del mencionado programa provincial y que fue sancionada oportunamente.La misma fue entregada por el Presidente del Cuerpo Deliberativo Humberto Santill\u00e1n acompa\u00f1ado por los concejales Walter Medina Salom\u00f3n y Aida Luz Soria.\u201cEste programa impulsado por el gobierno provincial y coordinado por el Ministerio de Educaci\u00f3n que permite&hellip;<\/p>\n","protected":false},"author":1,"featured_media":0,"comment_status":"open","ping_status":"closed","sticky":false,"template":"","format":"standard","meta":{"footnotes":""},"categories":[3],"tags":[],"class_list":["post-10856","post","type-post","status-publish","format-standard","hentry","category-hcd-capital"],"rttpg_featured_image_url":null,"rttpg_author":{"display_name":"rober","author_link":"https:\/\/livingmultimediosde.net.ar\/INDEX\/author\/rober\/"},"rttpg_comment":0,"rttpg_category":"<a href=\"https:\/\/livingmultimediosde.net.ar\/INDEX\/category\/hcd-capital\/\" rel=\"category tag\">HCD CAPITAL<\/a>","rttpg_excerpt":"Iniciada la sesi\u00f3n ordinaria de la fecha con la presencia de nueve concejales, se procedi\u00f3 en primera instancia a la entrega de la Ordenanza N\u00ba 351\/24 que declara de Inter\u00e9s Municipal, Cultural y Social el Programa \u201cConociendo Mi Provincia\u201d al Prof. Silvio Villalba, Coordinador del mencionado programa provincial y que fue sancionada oportunamente.La misma fue&hellip;","_links":{"self":[{"href":"https:\/\/livingmultimediosde.net.ar\/INDEX\/wp-json\/wp\/v2\/posts\/10856","targetHints":{"allow":["GET"]}}],"collection":[{"href":"https:\/\/livingmultimediosde.net.ar\/INDEX\/wp-json\/wp\/v2\/posts"}],"about":[{"href":"https:\/\/livingmultimediosde.net.ar\/INDEX\/wp-json\/wp\/v2\/types\/post"}],"author":[{"embeddable":true,"href":"https:\/\/livingmultimediosde.net.ar\/INDEX\/wp-json\/wp\/v2\/users\/1"}],"replies":[{"embeddable":true,"href":"https:\/\/livingmultimediosde.net.ar\/INDEX\/wp-json\/wp\/v2\/comments?post=10856"}],"version-history":[{"count":1,"href":"https:\/\/livingmultimediosde.net.ar\/INDEX\/wp-json\/wp\/v2\/posts\/10856\/revisions"}],"predecessor-version":[{"id":10858,"href":"https:\/\/livingmultimediosde.net.ar\/INDEX\/wp-json\/wp\/v2\/posts\/10856\/revisions\/10858"}],"wp:attachment":[{"href":"https:\/\/livingmultimediosde.net.ar\/INDEX\/wp-json\/wp\/v2\/media?parent=10856"}],"wp:term":[{"taxonomy":"category","embeddable":true,"href":"https:\/\/livingmultimediosde.net.ar\/INDEX\/wp-json\/wp\/v2\/categories?post=10856"},{"taxonomy":"post_tag","embeddable":true,"href":"https:\/\/livingmultimediosde.net.ar\/INDEX\/wp-json\/wp\/v2\/tags?post=10856"}],"curies":[{"name":"wp","href":"https:\/\/api.w.org\/{rel}","templated":true}]}}