{"id":10846,"date":"2024-09-08T23:28:40","date_gmt":"2024-09-08T23:28:40","guid":{"rendered":"https:\/\/livingmultimediosde.net.ar\/INDEX\/?p=10846"},"modified":"2024-09-08T23:28:45","modified_gmt":"2024-09-08T23:28:45","slug":"hcd-presidente-humberto-santillan-acompano-a-la-intendente-fuentes-a-la-inauguracion-de-la-iluminacion-led-de-calle-alsina","status":"publish","type":"post","link":"https:\/\/livingmultimediosde.net.ar\/INDEX\/2024\/09\/hcd-presidente-humberto-santillan-acompano-a-la-intendente-fuentes-a-la-inauguracion-de-la-iluminacion-led-de-calle-alsina\/","title":{"rendered":"HCD: Presidente Humberto Santill\u00e1n acompa\u00f1\u00f3 a la intendente Fuentes a la inauguraci\u00f3n de la iluminaci\u00f3n Led de calle Alsina"},"content":{"rendered":"\n<p class=\"wp-block-paragraph\">En compa\u00f1\u00eda de vecinos e instituciones de los barrios San Mart\u00edn y Primera Junta, la intendente Ing. Norma Fuentes dej\u00f3 inaugurada la obra de iluminaci\u00f3n Led de calle Alsina entre las avenidas Col\u00f3n y Leopoldo Lugones.<br>La jefa comunal habilit\u00f3 la reconversi\u00f3n lum\u00ednica de 15 cuadras, con sistema de tres bolillos en este importante corredor vial del sector oeste.<br>Durante el acto, la intendente destac\u00f3: que la nueva obra se suma a las 70 cuadras de avenida Aguirre. \u00abEsta iluminaci\u00f3n es de todos los vecinos y por lo tanto debemos cuidarla\u00bb, expres\u00f3.<\/p>\n\n\n\n<p class=\"wp-block-paragraph\">\ufe0f En nombre de los vecinos, habl\u00f3 Pablo Castillo, presidente del Centro Vecinal Villa Alem, quien agradeci\u00f3 a la intendente Fuentes, a los funcionarios y a los vecinos por estar presente y en particular al Ejecutivo municipal por \u201cponer en valor los espacios a partir de la transformaci\u00f3n, de la luminosidad de nuestro sector\u201d.<br>Durante la ceremonia de inauguraci\u00f3n, la intendente estuvo acompa\u00f1ada por el presidente del Concejo Deliberante, Humberto Santill\u00e1n; la concejal Mar\u00eda Isabel P\u00e9rez Nazar, el secretario de Deportes de la provincia, Carlos Dapello; funcionarios provinciales, municipales y legisladores provinciales.<br>La obra incluy\u00f3 la colocaci\u00f3n de 100 columnas, de 7 metros de altura, cableado a\u00e9reo con preensamblado, 100 artefactos Led de 150 watts, 7 comandos con su protecci\u00f3n y sistema apto para telegesti\u00f3n.<\/p>\n","protected":false},"excerpt":{"rendered":"<p>En compa\u00f1\u00eda de vecinos e instituciones de los barrios San Mart\u00edn y Primera Junta, la intendente Ing. Norma Fuentes dej\u00f3 inaugurada la obra de iluminaci\u00f3n Led de calle Alsina entre las avenidas Col\u00f3n y Leopoldo Lugones.La jefa comunal habilit\u00f3 la reconversi\u00f3n lum\u00ednica de 15 cuadras, con sistema de tres bolillos en este importante corredor vial del sector oeste.Durante el acto, la intendente destac\u00f3: que la nueva obra se suma a las 70 cuadras de avenida Aguirre. \u00abEsta iluminaci\u00f3n es de todos los vecinos y por lo tanto debemos cuidarla\u00bb, expres\u00f3.&hellip;<\/p>\n","protected":false},"author":1,"featured_media":0,"comment_status":"open","ping_status":"closed","sticky":false,"template":"","format":"standard","meta":{"footnotes":""},"categories":[3],"tags":[],"class_list":["post-10846","post","type-post","status-publish","format-standard","hentry","category-hcd-capital"],"rttpg_featured_image_url":null,"rttpg_author":{"display_name":"rober","author_link":"https:\/\/livingmultimediosde.net.ar\/INDEX\/author\/rober\/"},"rttpg_comment":0,"rttpg_category":"<a href=\"https:\/\/livingmultimediosde.net.ar\/INDEX\/category\/hcd-capital\/\" rel=\"category tag\">HCD CAPITAL<\/a>","rttpg_excerpt":"En compa\u00f1\u00eda de vecinos e instituciones de los barrios San Mart\u00edn y Primera Junta, la intendente Ing. Norma Fuentes dej\u00f3 inaugurada la obra de iluminaci\u00f3n Led de calle Alsina entre las avenidas Col\u00f3n y Leopoldo Lugones.La jefa comunal habilit\u00f3 la reconversi\u00f3n lum\u00ednica de 15 cuadras, con sistema de tres bolillos en este importante corredor vial&hellip;","_links":{"self":[{"href":"https:\/\/livingmultimediosde.net.ar\/INDEX\/wp-json\/wp\/v2\/posts\/10846","targetHints":{"allow":["GET"]}}],"collection":[{"href":"https:\/\/livingmultimediosde.net.ar\/INDEX\/wp-json\/wp\/v2\/posts"}],"about":[{"href":"https:\/\/livingmultimediosde.net.ar\/INDEX\/wp-json\/wp\/v2\/types\/post"}],"author":[{"embeddable":true,"href":"https:\/\/livingmultimediosde.net.ar\/INDEX\/wp-json\/wp\/v2\/users\/1"}],"replies":[{"embeddable":true,"href":"https:\/\/livingmultimediosde.net.ar\/INDEX\/wp-json\/wp\/v2\/comments?post=10846"}],"version-history":[{"count":1,"href":"https:\/\/livingmultimediosde.net.ar\/INDEX\/wp-json\/wp\/v2\/posts\/10846\/revisions"}],"predecessor-version":[{"id":10848,"href":"https:\/\/livingmultimediosde.net.ar\/INDEX\/wp-json\/wp\/v2\/posts\/10846\/revisions\/10848"}],"wp:attachment":[{"href":"https:\/\/livingmultimediosde.net.ar\/INDEX\/wp-json\/wp\/v2\/media?parent=10846"}],"wp:term":[{"taxonomy":"category","embeddable":true,"href":"https:\/\/livingmultimediosde.net.ar\/INDEX\/wp-json\/wp\/v2\/categories?post=10846"},{"taxonomy":"post_tag","embeddable":true,"href":"https:\/\/livingmultimediosde.net.ar\/INDEX\/wp-json\/wp\/v2\/tags?post=10846"}],"curies":[{"name":"wp","href":"https:\/\/api.w.org\/{rel}","templated":true}]}}