{"id":10837,"date":"2024-09-08T22:39:02","date_gmt":"2024-09-08T22:39:02","guid":{"rendered":"https:\/\/livingmultimediosde.net.ar\/INDEX\/?p=10837"},"modified":"2024-09-08T22:39:20","modified_gmt":"2024-09-08T22:39:20","slug":"una-turista-italiana-denuncio-que-fue-violada-en-los-esteros-de-ibera","status":"publish","type":"post","link":"https:\/\/livingmultimediosde.net.ar\/INDEX\/2024\/09\/una-turista-italiana-denuncio-que-fue-violada-en-los-esteros-de-ibera\/","title":{"rendered":"Una turista italiana denunci\u00f3 que fue violada en los Esteros de Iber\u00e1"},"content":{"rendered":"\n<p class=\"wp-block-paragraph\">Un hombre fue detenido como acusado de haber abusado sexualmente de una turista italiana de 50 a\u00f1os que visitaba los Esteros de Iber\u00e1, en la provincia de Corrientes.<\/p>\n\n\n\n<p class=\"wp-block-paragraph\">El hecho denunciado ocurri\u00f3 el jueves pasado en la localidad de Concepci\u00f3n.<\/p>\n\n\n\n<p class=\"wp-block-paragraph\">La mujer caminaba por las calles del pueblo cuando se cruz\u00f3 con un motociclista, que tras una breve charla, la convenci\u00f3 de que se desplazaba en sentido equivocado y se ofreci\u00f3 a llevarla por el rumbo correcto, indic\u00f3 el sitio del diario El Litoral de Corrientes.<\/p>\n\n\n\n<p class=\"wp-block-paragraph\">La moto se detuvo en un lugar inh\u00f3spito, donde el hombre, siempre seg\u00fan la mujer extranjera, la abus\u00f3 sexualmente y le sustrajo su tel\u00e9fono celular.<\/p>\n\n\n\n<p class=\"wp-block-paragraph\">La mujer realiz\u00f3 la denuncia ante la comisar\u00eda de Concepci\u00f3n y los agentes, mediante un sistema de localizaci\u00f3n, pudieron encontrar el celular, que se encontraba en manos de un familiar del hombre posteriormente detenido, durante un operativo en el que tambi\u00e9n se secuestr\u00f3 una moto, que ser\u00eda la empleada en el presunto ultraje.<\/p>\n\n\n\n<p class=\"wp-block-paragraph\">La Fiscal\u00eda, a partir de la evidencia recogida, orden\u00f3 el reconocimiento del hombre y la moto, en una causa iniciada por \u201csupuesto abuso sexual con acceso carnal\u201d.<\/p>\n","protected":false},"excerpt":{"rendered":"<p>Un hombre fue detenido como acusado de haber abusado sexualmente de una turista italiana de 50 a\u00f1os que visitaba los Esteros de Iber\u00e1, en la provincia de Corrientes. El hecho denunciado ocurri\u00f3 el jueves pasado en la localidad de Concepci\u00f3n. La mujer caminaba por las calles del pueblo cuando se cruz\u00f3 con un motociclista, que tras una breve charla, la convenci\u00f3 de que se desplazaba en sentido equivocado y se ofreci\u00f3 a llevarla por el rumbo correcto, indic\u00f3 el sitio del diario El Litoral de Corrientes. La moto se detuvo&hellip;<\/p>\n","protected":false},"author":1,"featured_media":0,"comment_status":"open","ping_status":"closed","sticky":false,"template":"","format":"standard","meta":{"footnotes":""},"categories":[4],"tags":[],"class_list":["post-10837","post","type-post","status-publish","format-standard","hentry","category-interes-general"],"rttpg_featured_image_url":null,"rttpg_author":{"display_name":"rober","author_link":"https:\/\/livingmultimediosde.net.ar\/INDEX\/author\/rober\/"},"rttpg_comment":0,"rttpg_category":"<a href=\"https:\/\/livingmultimediosde.net.ar\/INDEX\/category\/interes-general\/\" rel=\"category tag\">INTERES GENERAL<\/a>","rttpg_excerpt":"Un hombre fue detenido como acusado de haber abusado sexualmente de una turista italiana de 50 a\u00f1os que visitaba los Esteros de Iber\u00e1, en la provincia de Corrientes. El hecho denunciado ocurri\u00f3 el jueves pasado en la localidad de Concepci\u00f3n. La mujer caminaba por las calles del pueblo cuando se cruz\u00f3 con un motociclista, que&hellip;","_links":{"self":[{"href":"https:\/\/livingmultimediosde.net.ar\/INDEX\/wp-json\/wp\/v2\/posts\/10837","targetHints":{"allow":["GET"]}}],"collection":[{"href":"https:\/\/livingmultimediosde.net.ar\/INDEX\/wp-json\/wp\/v2\/posts"}],"about":[{"href":"https:\/\/livingmultimediosde.net.ar\/INDEX\/wp-json\/wp\/v2\/types\/post"}],"author":[{"embeddable":true,"href":"https:\/\/livingmultimediosde.net.ar\/INDEX\/wp-json\/wp\/v2\/users\/1"}],"replies":[{"embeddable":true,"href":"https:\/\/livingmultimediosde.net.ar\/INDEX\/wp-json\/wp\/v2\/comments?post=10837"}],"version-history":[{"count":1,"href":"https:\/\/livingmultimediosde.net.ar\/INDEX\/wp-json\/wp\/v2\/posts\/10837\/revisions"}],"predecessor-version":[{"id":10839,"href":"https:\/\/livingmultimediosde.net.ar\/INDEX\/wp-json\/wp\/v2\/posts\/10837\/revisions\/10839"}],"wp:attachment":[{"href":"https:\/\/livingmultimediosde.net.ar\/INDEX\/wp-json\/wp\/v2\/media?parent=10837"}],"wp:term":[{"taxonomy":"category","embeddable":true,"href":"https:\/\/livingmultimediosde.net.ar\/INDEX\/wp-json\/wp\/v2\/categories?post=10837"},{"taxonomy":"post_tag","embeddable":true,"href":"https:\/\/livingmultimediosde.net.ar\/INDEX\/wp-json\/wp\/v2\/tags?post=10837"}],"curies":[{"name":"wp","href":"https:\/\/api.w.org\/{rel}","templated":true}]}}