{"id":10828,"date":"2024-09-08T22:15:10","date_gmt":"2024-09-08T22:15:10","guid":{"rendered":"https:\/\/livingmultimediosde.net.ar\/INDEX\/?p=10828"},"modified":"2024-09-08T22:15:13","modified_gmt":"2024-09-08T22:15:13","slug":"emotiva-misa-de-accion-de-gracias-en-el-santuario-de-mama-antula","status":"publish","type":"post","link":"https:\/\/livingmultimediosde.net.ar\/INDEX\/2024\/09\/emotiva-misa-de-accion-de-gracias-en-el-santuario-de-mama-antula\/","title":{"rendered":"EMOTIVA MISA DE ACCI\u00d3N DE GRACIAS EN EL SANTUARIO DE MAMA ANTULA"},"content":{"rendered":"\n<p class=\"wp-block-paragraph\">Con la presencia de arzobispos y obispos de todo el pa\u00eds que se encuentran en la provincia en el marco del traspaso de la Sede Primada de la Argentina desde la Ciudad de Buenos Aires a Santiago del Estero, en la ma\u00f1ana de este domingo se realiz\u00f3 una misa de acci\u00f3n de gracias en el Santuario de Mama Antula, en Villa Sil\u00edpica.<br>La misma estuvo presidida por el flamante arzobispo de Santiago del Estero, Mons. Vicente Bokalic, y el nuncio apost\u00f3lico Miroslaw Adamczyk.<br>La jornada comenz\u00f3 con una procesi\u00f3n desde la capilla de la Virgen de Monserrat, con presencia de ciento de fieles.<br>La homil\u00eda estuvo a cargo del obispo de la provincia de C\u00f3rdoba, \u00c1ngel Rossi, quien expres\u00f3: \u201cHemos vivido esta hospitalidad tan sabida de este pueblo santiague\u00f1o, gracias por recibirnos con esa cordialidad que seguro lo ten\u00eda Mama Antula\u201d.<br>Agreg\u00f3: \u201cCuando naci\u00f3 Mama Antula, naci\u00f3 alguien diferente y as\u00ed fue porque a sus 15 a\u00f1os se revel\u00f3 contra un ambiente social y familiar injusto y maltratador de los pobres y que a la vez por sus pedidos les ofrec\u00eda seguridad y felicidad, dejando su casa parti\u00f3 hacia el beater\u00edo de los jesuitas a cuidar a los pobres\u201d.<\/p>\n","protected":false},"excerpt":{"rendered":"<p>Con la presencia de arzobispos y obispos de todo el pa\u00eds que se encuentran en la provincia en el marco del traspaso de la Sede Primada de la Argentina desde la Ciudad de Buenos Aires a Santiago del Estero, en la ma\u00f1ana de este domingo se realiz\u00f3 una misa de acci\u00f3n de gracias en el Santuario de Mama Antula, en Villa Sil\u00edpica.La misma estuvo presidida por el flamante arzobispo de Santiago del Estero, Mons. Vicente Bokalic, y el nuncio apost\u00f3lico Miroslaw Adamczyk.La jornada comenz\u00f3 con una procesi\u00f3n desde la capilla&hellip;<\/p>\n","protected":false},"author":1,"featured_media":0,"comment_status":"open","ping_status":"closed","sticky":false,"template":"","format":"standard","meta":{"footnotes":""},"categories":[9],"tags":[],"class_list":["post-10828","post","type-post","status-publish","format-standard","hentry","category-noticias"],"rttpg_featured_image_url":null,"rttpg_author":{"display_name":"rober","author_link":"https:\/\/livingmultimediosde.net.ar\/INDEX\/author\/rober\/"},"rttpg_comment":0,"rttpg_category":"<a href=\"https:\/\/livingmultimediosde.net.ar\/INDEX\/category\/noticias\/\" rel=\"category tag\">NOTICIAS<\/a>","rttpg_excerpt":"Con la presencia de arzobispos y obispos de todo el pa\u00eds que se encuentran en la provincia en el marco del traspaso de la Sede Primada de la Argentina desde la Ciudad de Buenos Aires a Santiago del Estero, en la ma\u00f1ana de este domingo se realiz\u00f3 una misa de acci\u00f3n de gracias en el&hellip;","_links":{"self":[{"href":"https:\/\/livingmultimediosde.net.ar\/INDEX\/wp-json\/wp\/v2\/posts\/10828","targetHints":{"allow":["GET"]}}],"collection":[{"href":"https:\/\/livingmultimediosde.net.ar\/INDEX\/wp-json\/wp\/v2\/posts"}],"about":[{"href":"https:\/\/livingmultimediosde.net.ar\/INDEX\/wp-json\/wp\/v2\/types\/post"}],"author":[{"embeddable":true,"href":"https:\/\/livingmultimediosde.net.ar\/INDEX\/wp-json\/wp\/v2\/users\/1"}],"replies":[{"embeddable":true,"href":"https:\/\/livingmultimediosde.net.ar\/INDEX\/wp-json\/wp\/v2\/comments?post=10828"}],"version-history":[{"count":1,"href":"https:\/\/livingmultimediosde.net.ar\/INDEX\/wp-json\/wp\/v2\/posts\/10828\/revisions"}],"predecessor-version":[{"id":10830,"href":"https:\/\/livingmultimediosde.net.ar\/INDEX\/wp-json\/wp\/v2\/posts\/10828\/revisions\/10830"}],"wp:attachment":[{"href":"https:\/\/livingmultimediosde.net.ar\/INDEX\/wp-json\/wp\/v2\/media?parent=10828"}],"wp:term":[{"taxonomy":"category","embeddable":true,"href":"https:\/\/livingmultimediosde.net.ar\/INDEX\/wp-json\/wp\/v2\/categories?post=10828"},{"taxonomy":"post_tag","embeddable":true,"href":"https:\/\/livingmultimediosde.net.ar\/INDEX\/wp-json\/wp\/v2\/tags?post=10828"}],"curies":[{"name":"wp","href":"https:\/\/api.w.org\/{rel}","templated":true}]}}